{"id":10238,"date":"2025-11-01T18:48:43","date_gmt":"2025-11-01T18:48:43","guid":{"rendered":"https:\/\/www.sfrua.pt\/?p=10238"},"modified":"2025-11-01T18:54:12","modified_gmt":"2025-11-01T18:54:12","slug":"judo-da-sfrua-dia-de-muita-acao","status":"publish","type":"post","link":"https:\/\/www.sfrua.pt\/?p=10238","title":{"rendered":"Judo da SFRUA: Dia de muita a\u00e7\u00e3o\u2026."},"content":{"rendered":"<div data-contents=\"true\">\n<div class=\"\" data-block=\"true\" data-editor=\"eop4c\" data-offset-key=\"351s3-0-0\">\n<div class=\"_1mf _1mj\" data-offset-key=\"351s3-0-0\"><span data-offset-key=\"351s3-0-0\">&#8211; Campeonato Zonal de Seniores: Diogo Oliveira 2.\u00ba lugar <\/span><\/div>\n<\/div>\n<div class=\"\" data-block=\"true\" data-editor=\"eop4c\" data-offset-key=\"orng-0-0\">\n<div class=\"_1mf _1mj\" data-offset-key=\"orng-0-0\"><span data-offset-key=\"orng-0-0\">&#8211; \u2060Aula Aberta Infantil em Almada com participa\u00e7\u00e3o de 4 mini-judocas!<\/span><\/div>\n<\/div>\n<div class=\"\" data-block=\"true\" data-editor=\"eop4c\" data-offset-key=\"fq82e-0-0\">\n<div class=\"_1mf _1mj\" data-offset-key=\"fq82e-0-0\"><span data-offset-key=\"fq82e-0-0\">Obrigado pela participa\u00e7\u00e3o\u00a0e\u00a0apoio!<\/span><\/div>\n<\/div>\n<div data-offset-key=\"fq82e-0-0\">\n<div id='gallery-1' class='gallery galleryid-10238 gallery-columns-2 gallery-size-herald-lay-a'><figure class='gallery-item'>\n\t\t\t<div class='gallery-icon portrait'>\n\t\t\t\t<a class=\"herald-popup\" href='https:\/\/www.sfrua.pt\/wp-content\/uploads\/2025\/11\/judo-2025-11-01-as-13.53.39_98a4523c.jpg'><img loading=\"lazy\" decoding=\"async\" width=\"495\" height=\"660\" src=\"https:\/\/www.sfrua.pt\/wp-content\/uploads\/2025\/11\/judo-2025-11-01-as-13.53.39_98a4523c.jpg\" class=\"attachment-herald-lay-a size-herald-lay-a\" alt=\"\" \/><\/a>\n\t\t\t<\/div><\/figure><figure class='gallery-item'>\n\t\t\t<div class='gallery-icon landscape'>\n\t\t\t\t<a class=\"herald-popup\" href='https:\/\/www.sfrua.pt\/wp-content\/uploads\/2025\/11\/judo-2025-11-01-as-13.53.39_db4c5538.jpg'><img loading=\"lazy\" decoding=\"async\" width=\"880\" height=\"660\" src=\"https:\/\/www.sfrua.pt\/wp-content\/uploads\/2025\/11\/judo-2025-11-01-as-13.53.39_db4c5538.jpg\" class=\"attachment-herald-lay-a size-herald-lay-a\" alt=\"\" \/><\/a>\n\t\t\t<\/div><\/figure>\n\t\t<\/div>\n\n<\/div>\n<\/div>\n","protected":false},"excerpt":{"rendered":"<p>&#8211; Campeonato Zonal de Seniores: Diogo Oliveira 2.\u00ba lugar &#8211; \u2060Aula Aberta Infantil em Almada com participa\u00e7\u00e3o de 4 mini-judocas! Obrigado pela participa\u00e7\u00e3o\u00a0e\u00a0apoio!<\/p>\n","protected":false},"author":1,"featured_media":10240,"comment_status":"closed","ping_status":"open","sticky":false,"template":"","format":"standard","meta":{"footnotes":""},"categories":[303],"tags":[304],"class_list":["post-10238","post","type-post","status-publish","format-standard","has-post-thumbnail","hentry","category-judo","tag-judo"],"views":476,"_links":{"self":[{"href":"https:\/\/www.sfrua.pt\/index.php?rest_route=\/wp\/v2\/posts\/10238","targetHints":{"allow":["GET"]}}],"collection":[{"href":"https:\/\/www.sfrua.pt\/index.php?rest_route=\/wp\/v2\/posts"}],"about":[{"href":"https:\/\/www.sfrua.pt\/index.php?rest_route=\/wp\/v2\/types\/post"}],"author":[{"embeddable":true,"href":"https:\/\/www.sfrua.pt\/index.php?rest_route=\/wp\/v2\/users\/1"}],"replies":[{"embeddable":true,"href":"https:\/\/www.sfrua.pt\/index.php?rest_route=%2Fwp%2Fv2%2Fcomments&post=10238"}],"version-history":[{"count":0,"href":"https:\/\/www.sfrua.pt\/index.php?rest_route=\/wp\/v2\/posts\/10238\/revisions"}],"wp:featuredmedia":[{"embeddable":true,"href":"https:\/\/www.sfrua.pt\/index.php?rest_route=\/wp\/v2\/media\/10240"}],"wp:attachment":[{"href":"https:\/\/www.sfrua.pt\/index.php?rest_route=%2Fwp%2Fv2%2Fmedia&parent=10238"}],"wp:term":[{"taxonomy":"category","embeddable":true,"href":"https:\/\/www.sfrua.pt\/index.php?rest_route=%2Fwp%2Fv2%2Fcategories&post=10238"},{"taxonomy":"post_tag","embeddable":true,"href":"https:\/\/www.sfrua.pt\/index.php?rest_route=%2Fwp%2Fv2%2Ftags&post=10238"}],"curies":[{"name":"wp","href":"https:\/\/api.w.org\/{rel}","templated":true}]}}