{"id":112,"date":"2010-12-03T13:01:24","date_gmt":"2010-12-03T09:01:24","guid":{"rendered":"http:\/\/www.alhosvedros.net\/sfrua\/?p=112"},"modified":"2010-12-03T13:01:24","modified_gmt":"2010-12-03T09:01:24","slug":"sara-monteiro-esta-de-volta","status":"publish","type":"post","link":"https:\/\/www.sfrua.pt\/?p=112","title":{"rendered":"Ap\u00f3s participa\u00e7\u00e3o no Campeonato do Mundo: Sara Monteiro est\u00e1 de volta"},"content":{"rendered":"<div>\n<p><a href=\"http:\/\/www.alhosvedros.net\/sfrua\/wp-content\/uploads\/2010\/12\/20101125sara1.jpg\"><img decoding=\"async\" class=\"alignnone wp-image-113\" title=\"20101125sara1\" src=\"http:\/\/sfrua.pt\/wp-content\/uploads\/2010\/12\/20101125sara1.jpg\" alt=\"\" \/><\/a><\/p>\n<p>A\u00a0ginasta Sara Monteiro est\u00e1 de volta depois de ter participado no Campeonato do Mundo de Grupos de Idades na especialidade de Duplo Mini-trampolim. A Sara cumpriu os objectivos a que se tinha proposto executando as suas s\u00e9ries sem falhas, classificou-se em 19\u00ba lugar.<\/p>\n<\/div>\n<p>Toda a comitiva portuguesa est\u00e1 de parab\u00e9ns pelos resultados obtidos.<\/p>\n<p><a href=\"http:\/\/www.alhosvedros.net\/sfrua\/wp-content\/uploads\/2010\/12\/20101125sara2.jpg\"><img decoding=\"async\" class=\"alignnone wp-image-115\" title=\"20101125sara2\" src=\"http:\/\/sfrua.pt\/wp-content\/uploads\/2010\/12\/20101125sara2.jpg\" alt=\"\" \/><\/a><\/p>\n<p>Fotos: \u00c1lbum de Nuno C. Aniceto<\/p>\n","protected":false},"excerpt":{"rendered":"<p>A\u00a0ginasta Sara Monteiro est\u00e1 de volta depois de ter participado no Campeonato do Mundo de Grupos de Idades na especialidade de Duplo Mini-trampolim. A Sara cumpriu os objectivos a que se tinha proposto executando as suas s\u00e9ries sem falhas, classificou-se em 19\u00ba lugar. Toda a comitiva portuguesa est\u00e1 de parab\u00e9ns pelos resultados obtidos. Fotos: \u00c1lbum [&hellip;]<\/p>\n","protected":false},"author":1,"featured_media":6437,"comment_status":"closed","ping_status":"closed","sticky":false,"template":"","format":"standard","meta":{"footnotes":""},"categories":[26],"tags":[150,175,275],"class_list":["post-112","post","type-post","status-publish","format-standard","has-post-thumbnail","hentry","category-ginastica","tag-eventos-internacionais","tag-ginastica","tag-trampolins"],"views":426,"_links":{"self":[{"href":"https:\/\/www.sfrua.pt\/index.php?rest_route=\/wp\/v2\/posts\/112","targetHints":{"allow":["GET"]}}],"collection":[{"href":"https:\/\/www.sfrua.pt\/index.php?rest_route=\/wp\/v2\/posts"}],"about":[{"href":"https:\/\/www.sfrua.pt\/index.php?rest_route=\/wp\/v2\/types\/post"}],"author":[{"embeddable":true,"href":"https:\/\/www.sfrua.pt\/index.php?rest_route=\/wp\/v2\/users\/1"}],"replies":[{"embeddable":true,"href":"https:\/\/www.sfrua.pt\/index.php?rest_route=%2Fwp%2Fv2%2Fcomments&post=112"}],"version-history":[{"count":0,"href":"https:\/\/www.sfrua.pt\/index.php?rest_route=\/wp\/v2\/posts\/112\/revisions"}],"wp:featuredmedia":[{"embeddable":true,"href":"https:\/\/www.sfrua.pt\/index.php?rest_route=\/"}],"wp:attachment":[{"href":"https:\/\/www.sfrua.pt\/index.php?rest_route=%2Fwp%2Fv2%2Fmedia&parent=112"}],"wp:term":[{"taxonomy":"category","embeddable":true,"href":"https:\/\/www.sfrua.pt\/index.php?rest_route=%2Fwp%2Fv2%2Fcategories&post=112"},{"taxonomy":"post_tag","embeddable":true,"href":"https:\/\/www.sfrua.pt\/index.php?rest_route=%2Fwp%2Fv2%2Ftags&post=112"}],"curies":[{"name":"wp","href":"https:\/\/api.w.org\/{rel}","templated":true}]}}