{"id":1345,"date":"2012-02-03T23:15:54","date_gmt":"2012-02-03T23:15:54","guid":{"rendered":"http:\/\/www.sfrua.alhosvedros.net\/?p=1345"},"modified":"2026-04-08T16:43:18","modified_gmt":"2026-04-08T16:43:18","slug":"entrega-de-meritos-desportivos-epoca-2011","status":"publish","type":"post","link":"https:\/\/www.sfrua.pt\/?p=1345","title":{"rendered":"M\u00e9ritos Desportivos &#8211; \u00c9poca 2011"},"content":{"rendered":"<p style=\"text-align: left;\"><a href=\"http:\/\/sfrua.pt\/wp-content\/uploads\/2012\/02\/2012-01-28-patinagem-P1280026.jpg\"><img loading=\"lazy\" decoding=\"async\" class=\"wp-image-1398 alignnone\" title=\"2012 01 28 patinagem P1280026\" src=\"http:\/\/sfrua.pt\/wp-content\/uploads\/2012\/02\/2012-01-28-patinagem-P1280026-480x360.jpg\" alt=\"\" width=\"651\" height=\"488\" \/><\/a><\/p>\n<p style=\"text-align: left;\">Realizou-se no dia 28 de Janeiro de 2012, pelas 21 horas no Forum\u00a0Cultural Jos\u00e9 Manuel Figueiredo na Baixa da Banheira, a atribui\u00e7\u00e3o dos M\u00e9ritos Desportivos da \u00c9poca Desportiva 2011.<\/p>\n<p>A SFRUA esteve presente com a modalidade de Patinagem Artistica-Show, para receber o pr\u00e9mio relacionado com a classifica\u00e7\u00e3o no Campeonato Nacional de Show e Precis\u00e3o 2011 e a posterior participa\u00e7\u00e3o no<strong> Campeonato Europeu de Show e Precis\u00e3o 2011.<\/strong><\/p>\n<p>1\u00ba Lugar Grupo Show Pequeno<br \/>\n1\u00ba Lugar Grupo Show Grande<br \/>\n3\u00ba Lugar Grupo Juvenis<\/p>\n<p>Um agradecimento a toda a equipa t\u00e9cnica pelo seu excelente trabalho e principalmente a Bruno Costa pelo seu empenho.<br \/>\nParab\u00e9ns a todos os atletas que estiveram a representar a SFRUA e pelos resultados obtidos, mas ainda mais importante, obrigado a todos os pais que deram todo o apoio a esta sec\u00e7\u00e3o.<\/p>\n<h2><a href=\"https:\/\/photos.app.goo.gl\/cibWu1xmhdjQAiUX9\" target=\"_blank\" rel=\"noopener\"><span style=\"color: #0000ff;\">Clique aqui para ver as fotos do evento.<\/span><\/a><\/h2>\n","protected":false},"excerpt":{"rendered":"<p>Realizou-se no dia 28 de Janeiro de 2012, pelas 21 horas no Forum\u00a0Cultural Jos\u00e9 Manuel Figueiredo na Baixa da Banheira, a atribui\u00e7\u00e3o dos M\u00e9ritos Desportivos da \u00c9poca Desportiva 2011. A SFRUA esteve presente com a modalidade de Patinagem Artistica-Show, para receber o pr\u00e9mio relacionado com a classifica\u00e7\u00e3o no Campeonato Nacional de Show e Precis\u00e3o 2011 [&hellip;]<\/p>\n","protected":false},"author":1,"featured_media":11361,"comment_status":"closed","ping_status":"closed","sticky":false,"template":"","format":"standard","meta":{"footnotes":""},"categories":[24,33],"tags":[213,224],"class_list":["post-1345","post","type-post","status-publish","format-standard","has-post-thumbnail","hentry","category-fotos","category-patinagem","tag-meritos","tag-patinagem-2010-11"],"views":379,"_links":{"self":[{"href":"https:\/\/www.sfrua.pt\/index.php?rest_route=\/wp\/v2\/posts\/1345","targetHints":{"allow":["GET"]}}],"collection":[{"href":"https:\/\/www.sfrua.pt\/index.php?rest_route=\/wp\/v2\/posts"}],"about":[{"href":"https:\/\/www.sfrua.pt\/index.php?rest_route=\/wp\/v2\/types\/post"}],"author":[{"embeddable":true,"href":"https:\/\/www.sfrua.pt\/index.php?rest_route=\/wp\/v2\/users\/1"}],"replies":[{"embeddable":true,"href":"https:\/\/www.sfrua.pt\/index.php?rest_route=%2Fwp%2Fv2%2Fcomments&post=1345"}],"version-history":[{"count":2,"href":"https:\/\/www.sfrua.pt\/index.php?rest_route=\/wp\/v2\/posts\/1345\/revisions"}],"predecessor-version":[{"id":11363,"href":"https:\/\/www.sfrua.pt\/index.php?rest_route=\/wp\/v2\/posts\/1345\/revisions\/11363"}],"wp:featuredmedia":[{"embeddable":true,"href":"https:\/\/www.sfrua.pt\/index.php?rest_route=\/wp\/v2\/media\/11361"}],"wp:attachment":[{"href":"https:\/\/www.sfrua.pt\/index.php?rest_route=%2Fwp%2Fv2%2Fmedia&parent=1345"}],"wp:term":[{"taxonomy":"category","embeddable":true,"href":"https:\/\/www.sfrua.pt\/index.php?rest_route=%2Fwp%2Fv2%2Fcategories&post=1345"},{"taxonomy":"post_tag","embeddable":true,"href":"https:\/\/www.sfrua.pt\/index.php?rest_route=%2Fwp%2Fv2%2Ftags&post=1345"}],"curies":[{"name":"wp","href":"https:\/\/api.w.org\/{rel}","templated":true}]}}