{"id":1626,"date":"2012-04-04T12:42:46","date_gmt":"2012-04-04T11:42:46","guid":{"rendered":"http:\/\/www.sfrua.alhosvedros.net\/?p=1626"},"modified":"2026-04-10T17:39:46","modified_gmt":"2026-04-10T17:39:46","slug":"sfrua-no-distrital-de-trampolins","status":"publish","type":"post","link":"https:\/\/www.sfrua.pt\/?p=1626","title":{"rendered":"SFRUA no Distrital de Trampolins"},"content":{"rendered":"<p><a href=\"http:\/\/sfrua.pt\/wp-content\/uploads\/2012\/04\/20120331dmt.jpg\"><img loading=\"lazy\" decoding=\"async\" class=\"alignnone wp-image-1629\" title=\"20120331dmt\" src=\"http:\/\/sfrua.pt\/wp-content\/uploads\/2012\/04\/20120331dmt-480x319.jpg\" alt=\"\" width=\"480\" height=\"319\" \/><\/a><\/p>\n<p>No\u00a0 passado dia 31 de Mar\u00e7o os atletas da SFRUA marcaram presen\u00e7a em mais um distrital de trampolins nas vertentes, sincronizado e individual.<\/p>\n<div>As classifica\u00e7\u00f5es foram as seguintes:<\/div>\n<div><\/div>\n<div><strong>Sincronizado:<\/strong><br \/>\n<strong>Infantis Femininos <\/strong>&#8211; Ana Soares \/ Beatriz Esteves &#8211; 13\u00ba lugar<\/div>\n<div><\/div>\n<div><strong>Individual:<\/strong><\/div>\n<div><strong>Infantis Femininos &#8211;\u00a0<\/strong>Ana Soares &#8211; 22\u00ba lugar<\/div>\n<div><strong>Iniciados Masculinos<\/strong> &#8211; Tiago Mina &#8211; 12\u00ba lugar<\/div>\n<div><strong>Juvenis Femininos<\/strong> &#8211; Carina Mina &#8211; 6\u00ba Lugar<\/div>\n<p>A SFRUA gostaria de agradecer ao Gin\u00e1sio Clube do Montijo a sua colabora\u00e7\u00e3o em sincronizado.<\/p>\n<p><span style=\"color: #0000ff;\"><strong><a href=\"http:\/\/www.youtube.com\/watch?v=JAJmPqM9cQs\" target=\"_blank\" rel=\"noopener\"><span style=\"color: #0000ff;\">MAIS FOTOS AQUI<\/span><\/a><\/strong><\/span><\/p>\n","protected":false},"excerpt":{"rendered":"<p>No\u00a0 passado dia 31 de Mar\u00e7o os atletas da SFRUA marcaram presen\u00e7a em mais um distrital de trampolins nas vertentes, sincronizado e individual. As classifica\u00e7\u00f5es foram as seguintes: Sincronizado: Infantis Femininos &#8211; Ana Soares \/ Beatriz Esteves &#8211; 13\u00ba lugar Individual: Infantis Femininos &#8211;\u00a0Ana Soares &#8211; 22\u00ba lugar Iniciados Masculinos &#8211; Tiago Mina &#8211; 12\u00ba [&hellip;]<\/p>\n","protected":false},"author":1,"featured_media":11688,"comment_status":"closed","ping_status":"closed","sticky":false,"template":"","format":"standard","meta":{"footnotes":""},"categories":[24,26,38],"tags":[182],"class_list":["post-1626","post","type-post","status-publish","format-standard","has-post-thumbnail","hentry","category-fotos","category-ginastica","category-trampolins","tag-ginastica-2011-12"],"views":462,"_links":{"self":[{"href":"https:\/\/www.sfrua.pt\/index.php?rest_route=\/wp\/v2\/posts\/1626","targetHints":{"allow":["GET"]}}],"collection":[{"href":"https:\/\/www.sfrua.pt\/index.php?rest_route=\/wp\/v2\/posts"}],"about":[{"href":"https:\/\/www.sfrua.pt\/index.php?rest_route=\/wp\/v2\/types\/post"}],"author":[{"embeddable":true,"href":"https:\/\/www.sfrua.pt\/index.php?rest_route=\/wp\/v2\/users\/1"}],"replies":[{"embeddable":true,"href":"https:\/\/www.sfrua.pt\/index.php?rest_route=%2Fwp%2Fv2%2Fcomments&post=1626"}],"version-history":[{"count":1,"href":"https:\/\/www.sfrua.pt\/index.php?rest_route=\/wp\/v2\/posts\/1626\/revisions"}],"predecessor-version":[{"id":11689,"href":"https:\/\/www.sfrua.pt\/index.php?rest_route=\/wp\/v2\/posts\/1626\/revisions\/11689"}],"wp:featuredmedia":[{"embeddable":true,"href":"https:\/\/www.sfrua.pt\/index.php?rest_route=\/wp\/v2\/media\/11688"}],"wp:attachment":[{"href":"https:\/\/www.sfrua.pt\/index.php?rest_route=%2Fwp%2Fv2%2Fmedia&parent=1626"}],"wp:term":[{"taxonomy":"category","embeddable":true,"href":"https:\/\/www.sfrua.pt\/index.php?rest_route=%2Fwp%2Fv2%2Fcategories&post=1626"},{"taxonomy":"post_tag","embeddable":true,"href":"https:\/\/www.sfrua.pt\/index.php?rest_route=%2Fwp%2Fv2%2Ftags&post=1626"}],"curies":[{"name":"wp","href":"https:\/\/api.w.org\/{rel}","templated":true}]}}