{"id":2027,"date":"2012-10-29T10:39:06","date_gmt":"2012-10-29T10:39:06","guid":{"rendered":"http:\/\/www.sfrua.alhosvedros.net\/?p=2027"},"modified":"2012-10-29T10:39:06","modified_gmt":"2012-10-29T10:39:06","slug":"tiago-e-elena-conquistaram-medalha-de-prata-na-taca-do-mundo","status":"publish","type":"post","link":"https:\/\/www.sfrua.pt\/?p=2027","title":{"rendered":"Tiago e Elena conquistaram medalha de prata na Ta\u00e7a do Mundo"},"content":{"rendered":"<p style=\"text-align: left;\"><a href=\"http:\/\/sfrua.pt\/wp-content\/uploads\/2012\/10\/fotoFIG.jpg\"><img decoding=\"async\" class=\"aligncenter  wp-image-2028\" title=\"fotoFIG\" alt=\"\" src=\"http:\/\/sfrua.pt\/wp-content\/uploads\/2012\/10\/fotoFIG.jpg\" \/><\/a>O par misto portugu\u00eas Elena Rosca\/Tiago Faquinha conquistou hoje a medalha de prata na Ta\u00e7a do Mundo de gin\u00e1stica aer\u00f3bica, disputado em Kufstein, na Alemanha.<\/p>\n<p>De acordo com a Federa\u00e7\u00e3o de Gin\u00e1stica de Portugal, o par luso terminou a competi\u00e7\u00e3o a 0,65 pontos da dupla francesa que venceu a prova e ocupa a primeira posi\u00e7\u00e3o do &#8220;ranking&#8221; mundial.<\/p>\n<p>A participa\u00e7\u00e3o na Ta\u00e7a do Mundo faz parte do plano de prepara\u00e7\u00e3o do par misto para o Campeonato da Europa, a decorrer em novembro do pr\u00f3ximo ano, em Fran\u00e7a.<\/p>\n<p>Foto: FIG<\/p>\n","protected":false},"excerpt":{"rendered":"<p>O par misto portugu\u00eas Elena Rosca\/Tiago Faquinha conquistou hoje a medalha de prata na Ta\u00e7a do Mundo de gin\u00e1stica aer\u00f3bica, disputado em Kufstein, na Alemanha. De acordo com a Federa\u00e7\u00e3o de Gin\u00e1stica de Portugal, o par luso terminou a competi\u00e7\u00e3o a 0,65 pontos da dupla francesa que venceu a prova e ocupa a primeira posi\u00e7\u00e3o [&hellip;]<\/p>\n","protected":false},"author":1,"featured_media":0,"comment_status":"closed","ping_status":"closed","sticky":false,"template":"","format":"standard","meta":{"footnotes":""},"categories":[42,36],"tags":[150,218],"class_list":["post-2027","post","type-post","status-publish","format-standard","hentry","category-ginastica-aerobica","category-noticias","tag-eventos-internacionais","tag-noticias"],"views":430,"_links":{"self":[{"href":"https:\/\/www.sfrua.pt\/index.php?rest_route=\/wp\/v2\/posts\/2027","targetHints":{"allow":["GET"]}}],"collection":[{"href":"https:\/\/www.sfrua.pt\/index.php?rest_route=\/wp\/v2\/posts"}],"about":[{"href":"https:\/\/www.sfrua.pt\/index.php?rest_route=\/wp\/v2\/types\/post"}],"author":[{"embeddable":true,"href":"https:\/\/www.sfrua.pt\/index.php?rest_route=\/wp\/v2\/users\/1"}],"replies":[{"embeddable":true,"href":"https:\/\/www.sfrua.pt\/index.php?rest_route=%2Fwp%2Fv2%2Fcomments&post=2027"}],"version-history":[{"count":0,"href":"https:\/\/www.sfrua.pt\/index.php?rest_route=\/wp\/v2\/posts\/2027\/revisions"}],"wp:attachment":[{"href":"https:\/\/www.sfrua.pt\/index.php?rest_route=%2Fwp%2Fv2%2Fmedia&parent=2027"}],"wp:term":[{"taxonomy":"category","embeddable":true,"href":"https:\/\/www.sfrua.pt\/index.php?rest_route=%2Fwp%2Fv2%2Fcategories&post=2027"},{"taxonomy":"post_tag","embeddable":true,"href":"https:\/\/www.sfrua.pt\/index.php?rest_route=%2Fwp%2Fv2%2Ftags&post=2027"}],"curies":[{"name":"wp","href":"https:\/\/api.w.org\/{rel}","templated":true}]}}