{"id":2099,"date":"2012-12-04T11:34:14","date_gmt":"2012-12-04T10:34:14","guid":{"rendered":"http:\/\/www.sfrua.alhosvedros.net\/?p=2099"},"modified":"2026-04-08T16:32:15","modified_gmt":"2026-04-08T16:32:15","slug":"gala-anual-do-agrupamento-j-afonso","status":"publish","type":"post","link":"https:\/\/www.sfrua.pt\/?p=2099","title":{"rendered":"Gala Anual do Agrupamento J.Afonso"},"content":{"rendered":"<p><img loading=\"lazy\" decoding=\"async\" class=\"alignnone\" src=\"http:\/\/sfrua.pt\/wp-content\/uploads\/2012\/12\/DSC_0045.jpg\" alt=\"\" width=\"1280\" height=\"853\" \/><\/p>\n<p><img loading=\"lazy\" decoding=\"async\" class=\"alignnone\" src=\"http:\/\/sfrua.pt\/wp-content\/uploads\/2012\/12\/DSC_0010.jpg\" alt=\"\" width=\"1280\" height=\"853\" \/><\/p>\n<p><img loading=\"lazy\" decoding=\"async\" class=\"alignnone\" src=\"http:\/\/sfrua.pt\/wp-content\/uploads\/2012\/12\/DSC_0017.jpg\" alt=\"\" width=\"1280\" height=\"853\" \/><\/p>\n<p>A\u00a0Sociedade Filarm\u00f3nica Recreio e Uni\u00e3o Alhosvedrense (&#8220;A Velhinha&#8221;) foi convidada para estar presente no dia 30 de novembro, na Gala Anual do Agrupamento de Escolas Jos\u00e9 Afonso Alhos Vedros, para entrega dos diplomas aos alunos que integraram os Quadros de Excel\u00eancia, Honra e M\u00e9rito no ano lectivo 2011\/2012.<\/p>\n<div>Neste conjunto estavam presente atletas desta colectividade.<\/div>\n<div><\/div>\n<div>Agradecemos\u00a0o convite enviado pelo agrupamento, e dar os parab\u00e9ns pelo magnifico\u00a0espect\u00e1culo\u00a0que proporcionaram a todos os presentes.<\/div>\n<p>A direc\u00e7\u00e3o<\/p>\n<p>&nbsp;<\/p>\n","protected":false},"excerpt":{"rendered":"<p>A\u00a0Sociedade Filarm\u00f3nica Recreio e Uni\u00e3o Alhosvedrense (&#8220;A Velhinha&#8221;) foi convidada para estar presente no dia 30 de novembro, na Gala Anual do Agrupamento de Escolas Jos\u00e9 Afonso Alhos Vedros, para entrega dos diplomas aos alunos que integraram os Quadros de Excel\u00eancia, Honra e M\u00e9rito no ano lectivo 2011\/2012. Neste conjunto estavam presente atletas desta colectividade. [&hellip;]<\/p>\n","protected":false},"author":1,"featured_media":11350,"comment_status":"closed","ping_status":"closed","sticky":false,"template":"","format":"standard","meta":{"footnotes":""},"categories":[22,24,36],"tags":[172],"class_list":["post-2099","post","type-post","status-publish","format-standard","has-post-thumbnail","hentry","category-eventos","category-fotos","category-noticias","tag-galas"],"views":421,"_links":{"self":[{"href":"https:\/\/www.sfrua.pt\/index.php?rest_route=\/wp\/v2\/posts\/2099","targetHints":{"allow":["GET"]}}],"collection":[{"href":"https:\/\/www.sfrua.pt\/index.php?rest_route=\/wp\/v2\/posts"}],"about":[{"href":"https:\/\/www.sfrua.pt\/index.php?rest_route=\/wp\/v2\/types\/post"}],"author":[{"embeddable":true,"href":"https:\/\/www.sfrua.pt\/index.php?rest_route=\/wp\/v2\/users\/1"}],"replies":[{"embeddable":true,"href":"https:\/\/www.sfrua.pt\/index.php?rest_route=%2Fwp%2Fv2%2Fcomments&post=2099"}],"version-history":[{"count":1,"href":"https:\/\/www.sfrua.pt\/index.php?rest_route=\/wp\/v2\/posts\/2099\/revisions"}],"predecessor-version":[{"id":11351,"href":"https:\/\/www.sfrua.pt\/index.php?rest_route=\/wp\/v2\/posts\/2099\/revisions\/11351"}],"wp:featuredmedia":[{"embeddable":true,"href":"https:\/\/www.sfrua.pt\/index.php?rest_route=\/wp\/v2\/media\/11350"}],"wp:attachment":[{"href":"https:\/\/www.sfrua.pt\/index.php?rest_route=%2Fwp%2Fv2%2Fmedia&parent=2099"}],"wp:term":[{"taxonomy":"category","embeddable":true,"href":"https:\/\/www.sfrua.pt\/index.php?rest_route=%2Fwp%2Fv2%2Fcategories&post=2099"},{"taxonomy":"post_tag","embeddable":true,"href":"https:\/\/www.sfrua.pt\/index.php?rest_route=%2Fwp%2Fv2%2Ftags&post=2099"}],"curies":[{"name":"wp","href":"https:\/\/api.w.org\/{rel}","templated":true}]}}