{"id":2217,"date":"2012-12-17T10:44:45","date_gmt":"2012-12-17T10:44:45","guid":{"rendered":"http:\/\/www.sfrua.alhosvedros.net\/?p=2217"},"modified":"2012-12-17T10:44:45","modified_gmt":"2012-12-17T10:44:45","slug":"sfrua-na-gala-a-p-s-em-alcacer-do-sal","status":"publish","type":"post","link":"https:\/\/www.sfrua.pt\/?p=2217","title":{"rendered":"SFRUA na Gala A.P.S. em Alc\u00e1cer do Sal"},"content":{"rendered":"<p style=\"text-align: left;\"><a href=\"https:\/\/picasaweb.google.com\/105007271622396495440\/GalaAPSAlcacerSal?authkey=Gv1sRgCIuewYbx5u3wfw#slideshow\/\" target=\"_blank\" rel=\"https:\/\/picasaweb.google.com\/105007271622396495440\/GalaAPSAlcacerSal?authkey=Gv1sRgCIuewYbx5u3wfw#slideshow\/ noopener\"><img decoding=\"async\" class=\"aligncenter  wp-image-2218\" title=\"20121215patinagem-00024\" alt=\"\" src=\"http:\/\/sfrua.pt\/wp-content\/uploads\/2012\/12\/20121215patinagem-00024-480x270.jpg\" \/><\/a>Realizou-se no dia 15 de dezembro a gala A.P.S em Alc\u00e1cer do Sal onde a SFRUA esteve representada por um esquema de grupo e onde as atletas <span style=\"text-decoration: underline;\">Rita Fernandes, Eliana Pereira e Bruno Costa<\/span> receberam as respectivas <span style=\"text-decoration: underline;\">faixas de campe\u00f5es distritais.<\/span><br \/>\nTamb\u00e9m tivemos atletas a receber os respectivos certificados da conclus\u00e3o dos respectivos n\u00edveis.<br \/>\nPara todos eles os nossos parab\u00e9ns.<\/p>\n<p>A todos os atletas desde os 5 as 42 mais uma vez tivemos uma demonstra\u00e7\u00e3o do que \u00e9 e ser\u00e1 a SFRUA,um grupo forte, alegre e acima de tudo com um grande orgulho do que faz representando esta grande institui\u00e7\u00e3o centen\u00e1ria.<br \/>\nA todos os pais o muito obrigado pelo esfor\u00e7o que \u00e9 ter uma crian\u00e7a a praticar esta modalidade, aos treinadores Marisa Santos\/Bruno Costa pelo trabalho fant\u00e1stico ao longo destes anos.<br \/>\nUm palavra de muito obrigado a Cust\u00f3dia Rocha, Carla Oliveira, Paulo Gon\u00e7alves pela dedica\u00e7\u00e3o ao clube a acima de tudo a estes jovens que vos v\u00eam como fam\u00edlia e amigos.<br \/>\nA todos o nosso obrigado.<\/p>\n<p><strong><a href=\"https:\/\/picasaweb.google.com\/105007271622396495440\/GalaAPSAlcacerSal?authkey=Gv1sRgCIuewYbx5u3wfw#slideshow\/\" target=\"_blank\" rel=\"noopener\">Clique aqui para ver as fotos<\/a><\/strong><\/p>\n<p>Colabora\u00e7\u00e3o de: Carlos Pereira<\/p>\n<p>&nbsp;<\/p>\n","protected":false},"excerpt":{"rendered":"<p>Realizou-se no dia 15 de dezembro a gala A.P.S em Alc\u00e1cer do Sal onde a SFRUA esteve representada por um esquema de grupo e onde as atletas Rita Fernandes, Eliana Pereira e Bruno Costa receberam as respectivas faixas de campe\u00f5es distritais. Tamb\u00e9m tivemos atletas a receber os respectivos certificados da conclus\u00e3o dos respectivos n\u00edveis. Para [&hellip;]<\/p>\n","protected":false},"author":1,"featured_media":0,"comment_status":"closed","ping_status":"closed","sticky":false,"template":"","format":"standard","meta":{"footnotes":""},"categories":[24,33,36],"tags":[172],"class_list":["post-2217","post","type-post","status-publish","format-standard","hentry","category-fotos","category-patinagem","category-noticias","tag-galas"],"views":394,"_links":{"self":[{"href":"https:\/\/www.sfrua.pt\/index.php?rest_route=\/wp\/v2\/posts\/2217","targetHints":{"allow":["GET"]}}],"collection":[{"href":"https:\/\/www.sfrua.pt\/index.php?rest_route=\/wp\/v2\/posts"}],"about":[{"href":"https:\/\/www.sfrua.pt\/index.php?rest_route=\/wp\/v2\/types\/post"}],"author":[{"embeddable":true,"href":"https:\/\/www.sfrua.pt\/index.php?rest_route=\/wp\/v2\/users\/1"}],"replies":[{"embeddable":true,"href":"https:\/\/www.sfrua.pt\/index.php?rest_route=%2Fwp%2Fv2%2Fcomments&post=2217"}],"version-history":[{"count":0,"href":"https:\/\/www.sfrua.pt\/index.php?rest_route=\/wp\/v2\/posts\/2217\/revisions"}],"wp:attachment":[{"href":"https:\/\/www.sfrua.pt\/index.php?rest_route=%2Fwp%2Fv2%2Fmedia&parent=2217"}],"wp:term":[{"taxonomy":"category","embeddable":true,"href":"https:\/\/www.sfrua.pt\/index.php?rest_route=%2Fwp%2Fv2%2Fcategories&post=2217"},{"taxonomy":"post_tag","embeddable":true,"href":"https:\/\/www.sfrua.pt\/index.php?rest_route=%2Fwp%2Fv2%2Ftags&post=2217"}],"curies":[{"name":"wp","href":"https:\/\/api.w.org\/{rel}","templated":true}]}}