{"id":311,"date":"2011-01-29T16:47:47","date_gmt":"2011-01-29T16:47:47","guid":{"rendered":"http:\/\/www.sfrua.alhosvedros.net\/?p=311"},"modified":"2011-01-29T16:47:47","modified_gmt":"2011-01-29T16:47:47","slug":"primeiras-provas-de-acesso-de-2011","status":"publish","type":"post","link":"https:\/\/www.sfrua.pt\/?p=311","title":{"rendered":"Primeiras Provas de Acesso de 2011"},"content":{"rendered":"<p><a href=\"http:\/\/www.alhosvedros.net\/sfrua\/wp-content\/uploads\/2011\/01\/Logo_SFRUA_novo1.jpg\"><img decoding=\"async\" class=\"alignnone  wp-image-312\" title=\"Logo_SFRUA_novo1\" alt=\"\" src=\"http:\/\/sfrua.pt\/wp-content\/uploads\/2011\/01\/Logo_SFRUA_novo1.jpg\" \/><\/a><\/p>\n<p>Realiza-se este Domingo dia 30 de Janeiro, no pavilh\u00e3o da Charneca da Caparica as primeiras Provas de Acesso do ano 2011.<br \/>\nA SFRUA conta com os seguintes atletas:<br \/>\nJoana Rito &#8211; N\u00edvel Preliminar<br \/>\nM\u00aa In\u00eas Ferreira &#8211; N\u00edvel Preliminar e N\u00edvel I<br \/>\nCatarina Torres &#8211; N\u00edvel I e N\u00edvel II<br \/>\nMafalda Dias &#8211; Inicia\u00e7\u00e3o A<br \/>\nAna Teresa Canas &#8211; Inicia\u00e7\u00e3o A<br \/>\nJoana Pinto &#8211; Inicia\u00e7\u00e3o B<br \/>\nCatarina Vieira &#8211; Inicia\u00e7\u00e3o B e Certificado de Aptid\u00e3o A<br \/>\nRaquel Silva &#8211; Certificado de Aptid\u00e3o A<br \/>\nAndreia Bernardo &#8211; Certificado de Aptid\u00e3o B<br \/>\nEliana Pereira &#8211; Certificado de Aptid\u00e3o B<br \/>\nT\u00e2nia Torres &#8211; Solo Dance &#8211; Inicia\u00e7\u00e3o A<br \/>\nRita Fenandes &#8211; Solo Dance &#8211; Inicia\u00e7\u00e3o A<br \/>\nAna Carolina Filipe &#8211; Solo Dance &#8211; Inicia\u00e7\u00e3o A<br \/>\nMarta Viegas &#8211; Solo Dance &#8211; Inicia\u00e7\u00e3o A<\/p>\n","protected":false},"excerpt":{"rendered":"<p>Realiza-se este Domingo dia 30 de Janeiro, no pavilh\u00e3o da Charneca da Caparica as primeiras Provas de Acesso do ano 2011. A SFRUA conta com os seguintes atletas: Joana Rito &#8211; N\u00edvel Preliminar M\u00aa In\u00eas Ferreira &#8211; N\u00edvel Preliminar e N\u00edvel I Catarina Torres &#8211; N\u00edvel I e N\u00edvel II Mafalda Dias &#8211; Inicia\u00e7\u00e3o A [&hellip;]<\/p>\n","protected":false},"author":1,"featured_media":0,"comment_status":"closed","ping_status":"closed","sticky":false,"template":"","format":"standard","meta":{"footnotes":""},"categories":[33,36],"tags":[222],"class_list":["post-311","post","type-post","status-publish","format-standard","hentry","category-patinagem","category-noticias","tag-patinagem"],"views":412,"_links":{"self":[{"href":"https:\/\/www.sfrua.pt\/index.php?rest_route=\/wp\/v2\/posts\/311","targetHints":{"allow":["GET"]}}],"collection":[{"href":"https:\/\/www.sfrua.pt\/index.php?rest_route=\/wp\/v2\/posts"}],"about":[{"href":"https:\/\/www.sfrua.pt\/index.php?rest_route=\/wp\/v2\/types\/post"}],"author":[{"embeddable":true,"href":"https:\/\/www.sfrua.pt\/index.php?rest_route=\/wp\/v2\/users\/1"}],"replies":[{"embeddable":true,"href":"https:\/\/www.sfrua.pt\/index.php?rest_route=%2Fwp%2Fv2%2Fcomments&post=311"}],"version-history":[{"count":0,"href":"https:\/\/www.sfrua.pt\/index.php?rest_route=\/wp\/v2\/posts\/311\/revisions"}],"wp:attachment":[{"href":"https:\/\/www.sfrua.pt\/index.php?rest_route=%2Fwp%2Fv2%2Fmedia&parent=311"}],"wp:term":[{"taxonomy":"category","embeddable":true,"href":"https:\/\/www.sfrua.pt\/index.php?rest_route=%2Fwp%2Fv2%2Fcategories&post=311"},{"taxonomy":"post_tag","embeddable":true,"href":"https:\/\/www.sfrua.pt\/index.php?rest_route=%2Fwp%2Fv2%2Ftags&post=311"}],"curies":[{"name":"wp","href":"https:\/\/api.w.org\/{rel}","templated":true}]}}