{"id":3502,"date":"2009-08-03T12:18:24","date_gmt":"2009-08-03T11:18:24","guid":{"rendered":"http:\/\/sfrua.pt\/?p=3502"},"modified":"2026-04-08T13:25:32","modified_gmt":"2026-04-08T13:25:32","slug":"arquivo-carnaval-2009","status":"publish","type":"post","link":"https:\/\/www.sfrua.pt\/?p=3502","title":{"rendered":"Fotos: Carnaval 2009"},"content":{"rendered":"<p><a style=\"letter-spacing: 0.05em;\" href=\"https:\/\/photos.app.goo.gl\/U8qB4481GzqBy3Sa8\" target=\"_blank\" rel=\"https:\/\/photos.app.goo.gl\/U8qB4481GzqBy3Sa8 noopener\"><img loading=\"lazy\" decoding=\"async\" class=\"alignnone wp-image-3560\" src=\"http:\/\/sfrua.pt\/wp-content\/uploads\/2009\/02\/2009-156.jpg\" alt=\"2009-156\" width=\"1440\" height=\"1080\" \/><\/a><\/p>\n<ul>\n<li><a href=\"https:\/\/photos.app.goo.gl\/U8qB4481GzqBy3Sa8\">FOTOS CARNAVAL 2009<\/a><\/li>\n<li><a href=\"https:\/\/photos.app.goo.gl\/rpsd27mVR2Rnp9VV6\" target=\"_blank\" rel=\"noopener\">FOTOS CARNAVAL DE VER\u00c3O 2009<\/a><\/li>\n<li><span style=\"letter-spacing: 0.05em;\">Mais fotos do desfile <\/span><a style=\"letter-spacing: 0.05em;\" href=\"https:\/\/skydrive.live.com\/?cid=294b8858b0bbb400&amp;id=294B8858B0BBB400%211748&amp;Bsrc=Share&amp;Bpub=SDX.SkyDrive&amp;sc=Photos&amp;authkey=!As3saG5sj2QfLRY\" target=\"_blank\" rel=\"noopener\">aqui<\/a><span style=\"letter-spacing: 0.05em;\"> (Colabora\u00e7\u00e3o de: Paulo Santos)<\/span><\/li>\n<li>Mais informa\u00e7\u00e3o sobre o Carnaval de 2009 no <a href=\"http:\/\/www.graca-cabeleireiro.com\/sfrua\/Carnaval2009.htm\" target=\"_blank\" rel=\"noopener\">site antigo<\/a><\/li>\n<\/ul>\n","protected":false},"excerpt":{"rendered":"<p>FOTOS CARNAVAL 2009 FOTOS CARNAVAL DE VER\u00c3O 2009 Mais fotos do desfile aqui (Colabora\u00e7\u00e3o de: Paulo Santos) Mais informa\u00e7\u00e3o sobre o Carnaval de 2009 no site antigo<\/p>\n","protected":false},"author":1,"featured_media":11061,"comment_status":"closed","ping_status":"open","sticky":false,"template":"","format":"standard","meta":{"footnotes":""},"categories":[19,24],"tags":[115],"class_list":["post-3502","post","type-post","status-publish","format-standard","has-post-thumbnail","hentry","category-carnaval","category-fotos","tag-carnaval-2009"],"views":437,"_links":{"self":[{"href":"https:\/\/www.sfrua.pt\/index.php?rest_route=\/wp\/v2\/posts\/3502","targetHints":{"allow":["GET"]}}],"collection":[{"href":"https:\/\/www.sfrua.pt\/index.php?rest_route=\/wp\/v2\/posts"}],"about":[{"href":"https:\/\/www.sfrua.pt\/index.php?rest_route=\/wp\/v2\/types\/post"}],"author":[{"embeddable":true,"href":"https:\/\/www.sfrua.pt\/index.php?rest_route=\/wp\/v2\/users\/1"}],"replies":[{"embeddable":true,"href":"https:\/\/www.sfrua.pt\/index.php?rest_route=%2Fwp%2Fv2%2Fcomments&post=3502"}],"version-history":[{"count":3,"href":"https:\/\/www.sfrua.pt\/index.php?rest_route=\/wp\/v2\/posts\/3502\/revisions"}],"predecessor-version":[{"id":11209,"href":"https:\/\/www.sfrua.pt\/index.php?rest_route=\/wp\/v2\/posts\/3502\/revisions\/11209"}],"wp:featuredmedia":[{"embeddable":true,"href":"https:\/\/www.sfrua.pt\/index.php?rest_route=\/wp\/v2\/media\/11061"}],"wp:attachment":[{"href":"https:\/\/www.sfrua.pt\/index.php?rest_route=%2Fwp%2Fv2%2Fmedia&parent=3502"}],"wp:term":[{"taxonomy":"category","embeddable":true,"href":"https:\/\/www.sfrua.pt\/index.php?rest_route=%2Fwp%2Fv2%2Fcategories&post=3502"},{"taxonomy":"post_tag","embeddable":true,"href":"https:\/\/www.sfrua.pt\/index.php?rest_route=%2Fwp%2Fv2%2Ftags&post=3502"}],"curies":[{"name":"wp","href":"https:\/\/api.w.org\/{rel}","templated":true}]}}