{"id":3504,"date":"2008-02-10T12:21:11","date_gmt":"2008-02-10T11:21:11","guid":{"rendered":"http:\/\/sfrua.pt\/?p=3504"},"modified":"2026-04-08T13:23:36","modified_gmt":"2026-04-08T13:23:36","slug":"arquivo-carnaval-2008","status":"publish","type":"post","link":"https:\/\/www.sfrua.pt\/?p=3504","title":{"rendered":"Fotos: Carnaval 2008"},"content":{"rendered":"<p><a href=\"https:\/\/photos.app.goo.gl\/YoPzz6KqmqownbwSA\" target=\"_blank\" rel=\"https:\/\/photos.app.goo.gl\/YoPzz6KqmqownbwSA noopener\"><img loading=\"lazy\" decoding=\"async\" class=\"alignnone wp-image-3563\" src=\"http:\/\/sfrua.pt\/wp-content\/uploads\/2008\/02\/2008-268.jpg\" alt=\"2008-268\" width=\"1440\" height=\"1080\" \/><\/a><\/p>\n<p><a href=\"https:\/\/photos.app.goo.gl\/YoPzz6KqmqownbwSA\" target=\"_blank\" rel=\"noopener\">CLIQUE AQUI PARA VER MAIS FOTOS<\/a><\/p>\n<p><a href=\"http:\/\/www.graca-cabeleireiro.com\/sfrua\/htm\/carnaval\/Carnaval_fotosdia3.htm\" target=\"_blank\" rel=\"noopener\">FOTOS 03\/FEV-2008<\/a><\/p>\n<p><a href=\"http:\/\/www.graca-cabeleireiro.com\/sfrua\/htm\/carnaval\/Carnaval_fotosdia5.htm\" target=\"_blank\" rel=\"noopener\">FOTOS 05\/FEV-2008<\/a><\/p>\n<p><a href=\"http:\/\/www.graca-cabeleireiro.com\/sfrua\/htm\/carnaval\/Carnaval2008_Rainha.htm\" target=\"_blank\" rel=\"noopener\">CLIQUE AQUI PARA VER MAIS FOTOS DA ELEI\u00c7\u00c3O DA RAINHA<\/a><\/p>\n<p><a href=\"http:\/\/www.dailymotion.com\/video\/x48jkx_carnaval-alhos-vedros-2008-ver-2_parties\" target=\"_blank\" rel=\"noopener\">V\u00cdDEO DE APRESENTA\u00c7\u00c3O NA SIC<\/a><\/p>\n<p><a href=\"http:\/\/www.graca-cabeleireiro.com\/sfrua\/Carnaval2008.htm\" target=\"_blank\" rel=\"noopener\">MAIS INFORMA\u00c7\u00c3O RETIRADA DO SITE ANTIGO<\/a><\/p>\n","protected":false},"excerpt":{"rendered":"<p>CLIQUE AQUI PARA VER MAIS FOTOS FOTOS 03\/FEV-2008 FOTOS 05\/FEV-2008 CLIQUE AQUI PARA VER MAIS FOTOS DA ELEI\u00c7\u00c3O DA RAINHA V\u00cdDEO DE APRESENTA\u00c7\u00c3O NA SIC MAIS INFORMA\u00c7\u00c3O RETIRADA DO SITE ANTIGO<\/p>\n","protected":false},"author":1,"featured_media":10647,"comment_status":"closed","ping_status":"open","sticky":false,"template":"","format":"standard","meta":{"footnotes":""},"categories":[19,24],"tags":[114],"class_list":["post-3504","post","type-post","status-publish","format-standard","has-post-thumbnail","hentry","category-carnaval","category-fotos","tag-carnaval-2008"],"views":472,"_links":{"self":[{"href":"https:\/\/www.sfrua.pt\/index.php?rest_route=\/wp\/v2\/posts\/3504","targetHints":{"allow":["GET"]}}],"collection":[{"href":"https:\/\/www.sfrua.pt\/index.php?rest_route=\/wp\/v2\/posts"}],"about":[{"href":"https:\/\/www.sfrua.pt\/index.php?rest_route=\/wp\/v2\/types\/post"}],"author":[{"embeddable":true,"href":"https:\/\/www.sfrua.pt\/index.php?rest_route=\/wp\/v2\/users\/1"}],"replies":[{"embeddable":true,"href":"https:\/\/www.sfrua.pt\/index.php?rest_route=%2Fwp%2Fv2%2Fcomments&post=3504"}],"version-history":[{"count":2,"href":"https:\/\/www.sfrua.pt\/index.php?rest_route=\/wp\/v2\/posts\/3504\/revisions"}],"predecessor-version":[{"id":11206,"href":"https:\/\/www.sfrua.pt\/index.php?rest_route=\/wp\/v2\/posts\/3504\/revisions\/11206"}],"wp:featuredmedia":[{"embeddable":true,"href":"https:\/\/www.sfrua.pt\/index.php?rest_route=\/wp\/v2\/media\/10647"}],"wp:attachment":[{"href":"https:\/\/www.sfrua.pt\/index.php?rest_route=%2Fwp%2Fv2%2Fmedia&parent=3504"}],"wp:term":[{"taxonomy":"category","embeddable":true,"href":"https:\/\/www.sfrua.pt\/index.php?rest_route=%2Fwp%2Fv2%2Fcategories&post=3504"},{"taxonomy":"post_tag","embeddable":true,"href":"https:\/\/www.sfrua.pt\/index.php?rest_route=%2Fwp%2Fv2%2Ftags&post=3504"}],"curies":[{"name":"wp","href":"https:\/\/api.w.org\/{rel}","templated":true}]}}