{"id":3644,"date":"2014-04-02T23:26:08","date_gmt":"2014-04-02T22:26:08","guid":{"rendered":"http:\/\/sfrua.pt\/?p=3644"},"modified":"2026-04-07T15:51:45","modified_gmt":"2026-04-07T15:51:45","slug":"sfrua-no-cortejo-historico-etnografico-comemoracoes-do-foral-de-alhos-vedros","status":"publish","type":"post","link":"https:\/\/www.sfrua.pt\/?p=3644","title":{"rendered":"SFRUA no cortejo hist\u00f3rico etnogr\u00e1fico (comemora\u00e7\u00f5es do foral de Alhos Vedros)"},"content":{"rendered":"<p><a href=\"http:\/\/sfrua.pt\/wp-content\/uploads\/2014\/04\/cortejo-2014.jpg\"><img loading=\"lazy\" decoding=\"async\" class=\"alignnone size-full wp-image-3645\" src=\"http:\/\/sfrua.pt\/wp-content\/uploads\/2014\/04\/cortejo-2014.jpg\" alt=\"cortejo 2014\" width=\"838\" height=\"684\" \/><\/a><br \/>\nParticipa\u00e7\u00e3o j\u00e1 confirmada de:<br \/>\nAgrupamento de Escolas Jos\u00e9 Afonso,\u00a0Agrupamento 371 da Baixa da Banheira do CNE,\u00a0Agrupamento 688 de Alhos Vedros do CNE,\u00a0ArtFalco-Aves rapina,\u00a0Associa\u00e7\u00e3o Romeiros da Tradi\u00e7\u00e3o Moitense,\u00a0Banda do Ros\u00e1rio,\u00a0Camelos do Alcaide,\u00a0Cavaleiros do Tempo,\u00a0CERCIMB,\u00a0COLIBRI \u2013 M\u00fasica medieval de Sta. Maria da Feira,\u00a0CRI-Clube Recreio e Instru\u00e7\u00e3o<strong>,\u00a0<\/strong>ESPADA LUSITANA \u2013 Grupo de combate apeado de Lisboa,\u00a0GADILUS \u2013 M\u00fasica medieval de \u00d3bidos, GAITEIROS DA BARDOADA, Pinhal Novo, Grupo de Dan\u00e7as Antigas de Alhos Vedros,\u00a0Grupo de Dan\u00e7as Orientais AL-NAWAR,\u00a0<strong>Grupo Coral Alius Vetus<\/strong>,\u00a0Rancho do Clube das Arroteias, Ranchos Etnogr\u00e1fico de Dan\u00e7as e Cantares da Barra Cheia, Santa Casa da Miseric\u00f3rdia de Alhos Vedros,\u00a0<strong>SFRUA-carros aleg\u00f3ricos, atletas e Bateria<\/strong>,\u00a0TOCA A RUFAR, &#8230;<\/p>\n","protected":false},"excerpt":{"rendered":"<p>Participa\u00e7\u00e3o j\u00e1 confirmada de: Agrupamento de Escolas Jos\u00e9 Afonso,\u00a0Agrupamento 371 da Baixa da Banheira do CNE,\u00a0Agrupamento 688 de Alhos Vedros do CNE,\u00a0ArtFalco-Aves rapina,\u00a0Associa\u00e7\u00e3o Romeiros da Tradi\u00e7\u00e3o Moitense,\u00a0Banda do Ros\u00e1rio,\u00a0Camelos do Alcaide,\u00a0Cavaleiros do Tempo,\u00a0CERCIMB,\u00a0COLIBRI \u2013 M\u00fasica medieval de Sta. Maria da Feira,\u00a0CRI-Clube Recreio e Instru\u00e7\u00e3o,\u00a0ESPADA LUSITANA \u2013 Grupo de combate apeado de Lisboa,\u00a0GADILUS \u2013 M\u00fasica medieval [&hellip;]<\/p>\n","protected":false},"author":1,"featured_media":11082,"comment_status":"closed","ping_status":"open","sticky":false,"template":"","format":"standard","meta":{"footnotes":""},"categories":[44,22,27,36],"tags":[120],"class_list":["post-3644","post","type-post","status-publish","format-standard","has-post-thumbnail","hentry","category-bateria-samba","category-eventos","category-grupo-coral-2","category-noticias","tag-carnaval-2014"],"views":419,"_links":{"self":[{"href":"https:\/\/www.sfrua.pt\/index.php?rest_route=\/wp\/v2\/posts\/3644","targetHints":{"allow":["GET"]}}],"collection":[{"href":"https:\/\/www.sfrua.pt\/index.php?rest_route=\/wp\/v2\/posts"}],"about":[{"href":"https:\/\/www.sfrua.pt\/index.php?rest_route=\/wp\/v2\/types\/post"}],"author":[{"embeddable":true,"href":"https:\/\/www.sfrua.pt\/index.php?rest_route=\/wp\/v2\/users\/1"}],"replies":[{"embeddable":true,"href":"https:\/\/www.sfrua.pt\/index.php?rest_route=%2Fwp%2Fv2%2Fcomments&post=3644"}],"version-history":[{"count":1,"href":"https:\/\/www.sfrua.pt\/index.php?rest_route=\/wp\/v2\/posts\/3644\/revisions"}],"predecessor-version":[{"id":11083,"href":"https:\/\/www.sfrua.pt\/index.php?rest_route=\/wp\/v2\/posts\/3644\/revisions\/11083"}],"wp:featuredmedia":[{"embeddable":true,"href":"https:\/\/www.sfrua.pt\/index.php?rest_route=\/wp\/v2\/media\/11082"}],"wp:attachment":[{"href":"https:\/\/www.sfrua.pt\/index.php?rest_route=%2Fwp%2Fv2%2Fmedia&parent=3644"}],"wp:term":[{"taxonomy":"category","embeddable":true,"href":"https:\/\/www.sfrua.pt\/index.php?rest_route=%2Fwp%2Fv2%2Fcategories&post=3644"},{"taxonomy":"post_tag","embeddable":true,"href":"https:\/\/www.sfrua.pt\/index.php?rest_route=%2Fwp%2Fv2%2Ftags&post=3644"}],"curies":[{"name":"wp","href":"https:\/\/api.w.org\/{rel}","templated":true}]}}