{"id":3668,"date":"2014-04-10T09:55:34","date_gmt":"2014-04-10T08:55:34","guid":{"rendered":"http:\/\/sfrua.pt\/?p=3668"},"modified":"2014-04-10T09:55:34","modified_gmt":"2014-04-10T08:55:34","slug":"ginastica-convivio-da-pascoa","status":"publish","type":"post","link":"https:\/\/www.sfrua.pt\/?p=3668","title":{"rendered":"Gin\u00e1stica: Conv\u00edvio da P\u00e1scoa"},"content":{"rendered":"<div><a href=\"https:\/\/picasaweb.google.com\/105007271622396495440\/GinasticaConvivioPascoa2014#slideshow\/6000583789232820258\" target=\"_blank\" rel=\"https:\/\/picasaweb.google.com\/105007271622396495440\/GinasticaConvivioPascoa2014#slideshow\/6000583789232820258 noopener\"><img loading=\"lazy\" decoding=\"async\" class=\"alignnone wp-image-3669\" src=\"http:\/\/sfrua.pt\/wp-content\/uploads\/2014\/04\/2014.04.05-002.jpg\" alt=\"2014.04.05-002\" width=\"1280\" height=\"853\" \/><\/a><br \/>\n<a href=\"https:\/\/picasaweb.google.com\/105007271622396495440\/GinasticaConvivioPascoa2014#slideshow\/6000583789232820258\" target=\"_blank\" rel=\"noopener\">VER MAIS FOTOS<\/a>\u00a0(\u00c1LBUM N\u00ba1)<\/div>\n<div><a href=\"https:\/\/picasaweb.google.com\/105007271622396495440\/ConvivioDaPascoaAlbum2#slideshow\/6002443507438255714\" target=\"_blank\" rel=\"noopener\">\u00c1LBUM N\u00ba2<\/a><\/div>\n<div>(Colabora\u00e7\u00e3o de: Ana Mina)<br \/>\nRealizou-se no passado dia 5 de abril na SFRUA o Conv\u00edvio da P\u00e1scoa de gin\u00e1stica. Al\u00e9m dos atletas da casa, estiveram presentes os clubes:<br \/>\n<!--more--><b style=\"letter-spacing: 0.05em; line-height: 1.6875;\">-Clube Recreativo Piedense<\/b><b style=\"letter-spacing: 0.05em; line-height: 1.6875;\"><br \/>\n<\/b><b>-Sociedade R. Baixa da Serra<\/b><b><br \/>\n<\/b><b>-N\u00facleo Basquetebol de Queluz<\/b><b><br \/>\n<\/b><b>-Associa\u00e7\u00e3o Moradores dos Redondos<\/b><b><br \/>\n<\/b><b>-Centro Cultural e Recreativo do Alto dos Moinhos<\/b><\/div>\n<div><\/div>\n<div>A sec\u00e7\u00e3o da gin\u00e1stica agrade\u00e7e a presen\u00e7a de todos neste evento, e deseja a todos \u00a0os atletas, encarregados de educa\u00e7\u00e3o e s\u00f3cios uma P\u00e1scoa Feliz.<\/div>\n","protected":false},"excerpt":{"rendered":"<p>VER MAIS FOTOS\u00a0(\u00c1LBUM N\u00ba1) \u00c1LBUM N\u00ba2 (Colabora\u00e7\u00e3o de: Ana Mina) Realizou-se no passado dia 5 de abril na SFRUA o Conv\u00edvio da P\u00e1scoa de gin\u00e1stica. Al\u00e9m dos atletas da casa, estiveram presentes os clubes:<\/p>\n","protected":false},"author":1,"featured_media":3669,"comment_status":"closed","ping_status":"open","sticky":false,"template":"","format":"standard","meta":{"footnotes":""},"categories":[24,26],"tags":[175,191],"class_list":["post-3668","post","type-post","status-publish","format-standard","has-post-thumbnail","hentry","category-fotos","category-ginastica","tag-ginastica","tag-ginastica201314"],"views":444,"_links":{"self":[{"href":"https:\/\/www.sfrua.pt\/index.php?rest_route=\/wp\/v2\/posts\/3668","targetHints":{"allow":["GET"]}}],"collection":[{"href":"https:\/\/www.sfrua.pt\/index.php?rest_route=\/wp\/v2\/posts"}],"about":[{"href":"https:\/\/www.sfrua.pt\/index.php?rest_route=\/wp\/v2\/types\/post"}],"author":[{"embeddable":true,"href":"https:\/\/www.sfrua.pt\/index.php?rest_route=\/wp\/v2\/users\/1"}],"replies":[{"embeddable":true,"href":"https:\/\/www.sfrua.pt\/index.php?rest_route=%2Fwp%2Fv2%2Fcomments&post=3668"}],"version-history":[{"count":0,"href":"https:\/\/www.sfrua.pt\/index.php?rest_route=\/wp\/v2\/posts\/3668\/revisions"}],"wp:featuredmedia":[{"embeddable":true,"href":"https:\/\/www.sfrua.pt\/index.php?rest_route=\/"}],"wp:attachment":[{"href":"https:\/\/www.sfrua.pt\/index.php?rest_route=%2Fwp%2Fv2%2Fmedia&parent=3668"}],"wp:term":[{"taxonomy":"category","embeddable":true,"href":"https:\/\/www.sfrua.pt\/index.php?rest_route=%2Fwp%2Fv2%2Fcategories&post=3668"},{"taxonomy":"post_tag","embeddable":true,"href":"https:\/\/www.sfrua.pt\/index.php?rest_route=%2Fwp%2Fv2%2Ftags&post=3668"}],"curies":[{"name":"wp","href":"https:\/\/api.w.org\/{rel}","templated":true}]}}