{"id":3725,"date":"2014-05-12T10:16:37","date_gmt":"2014-05-12T09:16:37","guid":{"rendered":"http:\/\/sfrua.pt\/?p=3725"},"modified":"2014-05-12T10:16:37","modified_gmt":"2014-05-12T09:16:37","slug":"4o-encontro-de-escolas-de-samba-da-sfrua-a-velhinha","status":"publish","type":"post","link":"https:\/\/www.sfrua.pt\/?p=3725","title":{"rendered":"4\u00ba Encontro de Escolas de Samba da SFRUA &#8221; A Velhinha &#8220;"},"content":{"rendered":"<p><a href=\"http:\/\/sfrua.pt\/wp-content\/uploads\/2014\/05\/bateria.jpg\"><img loading=\"lazy\" decoding=\"async\" class=\"alignnone size-full wp-image-3726\" src=\"http:\/\/sfrua.pt\/wp-content\/uploads\/2014\/05\/bateria.jpg\" alt=\"bateria\" width=\"960\" height=\"600\" \/><\/a><\/p>\n<p><span class=\"fsl\">Convidamos todos a estarem presentes mais uma vez no nosso encontro anual de Escolas de Samba.<br \/>\nVai haver muito samba, dan\u00e7a, caipirinhas. Divers\u00e3o garantida.<br \/>\nN\u00e3o perca a oportunidade de ver ao vivo a atua\u00e7\u00e3o de v\u00e1rias escolas de samba com a sua alegria contagiante.<br \/>\nEsperamos por voc\u00eas<br \/>\n<\/span><a href=\"https:\/\/www.facebook.com\/events\/calendar\/2014\/June\/7\" rel=\"dialog\">S\u00e1bado, 7 de Junho<\/a>\u00a0\u00e0s 22:00<br \/>\nPra\u00e7a da Rep\u00fablica &#8211; Alhos Vedros<\/p>\n<p><span class=\"fsl\">\u00a0<\/span><\/p>\n","protected":false},"excerpt":{"rendered":"<p>Convidamos todos a estarem presentes mais uma vez no nosso encontro anual de Escolas de Samba. Vai haver muito samba, dan\u00e7a, caipirinhas. Divers\u00e3o garantida. N\u00e3o perca a oportunidade de ver ao vivo a atua\u00e7\u00e3o de v\u00e1rias escolas de samba com a sua alegria contagiante. Esperamos por voc\u00eas S\u00e1bado, 7 de Junho\u00a0\u00e0s 22:00 Pra\u00e7a da Rep\u00fablica [&hellip;]<\/p>\n","protected":false},"author":1,"featured_media":0,"comment_status":"closed","ping_status":"open","sticky":false,"template":"","format":"standard","meta":{"footnotes":""},"categories":[44,19,36],"tags":[82,145],"class_list":["post-3725","post","type-post","status-publish","format-standard","hentry","category-bateria-samba","category-carnaval","category-noticias","tag-bateria-samba","tag-encontros-baterias-samba"],"views":465,"_links":{"self":[{"href":"https:\/\/www.sfrua.pt\/index.php?rest_route=\/wp\/v2\/posts\/3725","targetHints":{"allow":["GET"]}}],"collection":[{"href":"https:\/\/www.sfrua.pt\/index.php?rest_route=\/wp\/v2\/posts"}],"about":[{"href":"https:\/\/www.sfrua.pt\/index.php?rest_route=\/wp\/v2\/types\/post"}],"author":[{"embeddable":true,"href":"https:\/\/www.sfrua.pt\/index.php?rest_route=\/wp\/v2\/users\/1"}],"replies":[{"embeddable":true,"href":"https:\/\/www.sfrua.pt\/index.php?rest_route=%2Fwp%2Fv2%2Fcomments&post=3725"}],"version-history":[{"count":0,"href":"https:\/\/www.sfrua.pt\/index.php?rest_route=\/wp\/v2\/posts\/3725\/revisions"}],"wp:attachment":[{"href":"https:\/\/www.sfrua.pt\/index.php?rest_route=%2Fwp%2Fv2%2Fmedia&parent=3725"}],"wp:term":[{"taxonomy":"category","embeddable":true,"href":"https:\/\/www.sfrua.pt\/index.php?rest_route=%2Fwp%2Fv2%2Fcategories&post=3725"},{"taxonomy":"post_tag","embeddable":true,"href":"https:\/\/www.sfrua.pt\/index.php?rest_route=%2Fwp%2Fv2%2Ftags&post=3725"}],"curies":[{"name":"wp","href":"https:\/\/api.w.org\/{rel}","templated":true}]}}