{"id":4495,"date":"2015-10-01T00:48:44","date_gmt":"2015-09-30T23:48:44","guid":{"rendered":"http:\/\/sfrua.pt\/?p=4495"},"modified":"2015-10-01T00:48:44","modified_gmt":"2015-09-30T23:48:44","slug":"tiago-faquinha-ginasta-integrante-na-selecao-nacional-de-ginastica-aerobica-desde-2003-representa-a-partir-de-hoje-a-sfrua","status":"publish","type":"post","link":"https:\/\/www.sfrua.pt\/?p=4495","title":{"rendered":"Tiago Faquinha, representa a partir de hoje a SFRUA!"},"content":{"rendered":"<p><a href=\"http:\/\/sfrua.pt\/wp-content\/uploads\/2015\/10\/tf.jpg\"><img loading=\"lazy\" decoding=\"async\" class=\"alignnone wp-image-4496 size-full\" src=\"http:\/\/sfrua.pt\/wp-content\/uploads\/2015\/10\/tf.jpg\" alt=\"tf\" width=\"480\" height=\"319\" \/><\/a><\/p>\n<p><span class=\"_3qi9\" data-reactid=\".25.1.0.0.0.0.1:$mid=11443568175382=2644fa0abd2538e8626.0.$1.0.$right.0.0.1.0\"><span data-reactid=\".25.1.0.0.0.0.1:$mid=11443568175382=2644fa0abd2538e8626.0.$1.0.$right.0.0.1.0.$text0\/=1$text0\/=010\">\u00c9 OFICIAL<\/span><br data-reactid=\".25.1.0.0.0.0.1:$mid=11443568175382=2644fa0abd2538e8626.0.$1.0.$right.0.0.1.0.$text0\/=1$text1\/=010\" \/><br data-reactid=\".25.1.0.0.0.0.1:$mid=11443568175382=2644fa0abd2538e8626.0.$1.0.$right.0.0.1.0.$text0\/=1$text3\/=010\" \/><span data-reactid=\".25.1.0.0.0.0.1:$mid=11443568175382=2644fa0abd2538e8626.0.$1.0.$right.0.0.1.0.$text0\/=1$text4\/=010\">Tiago faquinha, ginasta integrante na sele\u00e7\u00e3o nacional de gin\u00e1stica aer\u00f3bica desde 2003 representa a partir de hoje a SFRUA!<\/span><br data-reactid=\".25.1.0.0.0.0.1:$mid=11443568175382=2644fa0abd2538e8626.0.$1.0.$right.0.0.1.0.$text0\/=1$text5\/=010\" \/><br data-reactid=\".25.1.0.0.0.0.1:$mid=11443568175382=2644fa0abd2538e8626.0.$1.0.$right.0.0.1.0.$text0\/=1$text7\/=010\" \/><span data-reactid=\".25.1.0.0.0.0.1:$mid=11443568175382=2644fa0abd2538e8626.0.$1.0.$right.0.0.1.0.$text0\/=1$text8\/=010\">Recorde-se que o ginasta iniciou-se na SFRUA no ano 2000 e representou as cores da casa durante 8 \u00e9pocas consecutivas. <\/span><br data-reactid=\".25.1.0.0.0.0.1:$mid=11443568175382=2644fa0abd2538e8626.0.$1.0.$right.0.0.1.0.$text0\/=1$text9\/=010\" \/><br data-reactid=\".25.1.0.0.0.0.1:$mid=11443568175382=2644fa0abd2538e8626.0.$1.0.$right.0.0.1.0.$text0\/=1$text11\/=010\" \/><span data-reactid=\".25.1.0.0.0.0.1:$mid=11443568175382=2644fa0abd2538e8626.0.$1.0.$right.0.0.1.0.$text0\/=1$text12\/=010\">Como dita o ditado \u201cbom filho \u00e0 sua casa torna\u201d, Tiago Faquinha assina com a SFRUA a \u00e9poca de 2015\/16 e representar\u00e1 Portugal j\u00e1 em Novembro no Campeonato Europeu de Gin\u00e1stica aer\u00f3bica a realizar-se em Elvas, Portugal, 6-8 de Novembro. <\/span><br data-reactid=\".25.1.0.0.0.0.1:$mid=11443568175382=2644fa0abd2538e8626.0.$1.0.$right.0.0.1.0.$text0\/=1$text13\/=010\" \/><br data-reactid=\".25.1.0.0.0.0.1:$mid=11443568175382=2644fa0abd2538e8626.0.$1.0.$right.0.0.1.0.$text0\/=1$text15\/=010\" \/><span data-reactid=\".25.1.0.0.0.0.1:$mid=11443568175382=2644fa0abd2538e8626.0.$1.0.$right.0.0.1.0.$text0\/=1$text16\/=010\">A SFRUA d\u00e1 as boas-vindas ao ginasta portugu\u00eas com mais anos de hist\u00f3ria na vertente Gin\u00e1stica Aer\u00f3bica em Portugal.<\/span><\/span><\/p>\n<hr \/>\n<p><span class=\"_3qi9\" data-reactid=\".25.1.0.0.0.0.1:$mid=11443568175382=2644fa0abd2538e8626.0.$1.0.$right.0.0.1.0\"><br data-reactid=\".25.1.0.0.0.0.1:$mid=11443568175382=2644fa0abd2538e8626.0.$1.0.$right.0.0.1.0.$text0\/=1$text19\/=010\" \/><span data-reactid=\".25.1.0.0.0.0.1:$mid=11443568175382=2644fa0abd2538e8626.0.$1.0.$right.0.0.1.0.$text0\/=1$text20\/=010\">Veja aqui alguns dos seus pr\u00e9mios:<\/span><br data-reactid=\".25.1.0.0.0.0.1:$mid=11443568175382=2644fa0abd2538e8626.0.$1.0.$right.0.0.1.0.$text0\/=1$text21\/=010\" \/><span data-reactid=\".25.1.0.0.0.0.1:$mid=11443568175382=2644fa0abd2538e8626.0.$1.0.$right.0.0.1.0.$text0\/=1$text22\/=010\">\u201cAtleta Revela\u00e7\u00e3o\u201d, nomeado pelo Comit\u00e9 Ol\u00edmpico de Portugal (COP) em 2004,<\/span><br data-reactid=\".25.1.0.0.0.0.1:$mid=11443568175382=2644fa0abd2538e8626.0.$1.0.$right.0.0.1.0.$text0\/=1$text23\/=010\" \/><span data-reactid=\".25.1.0.0.0.0.1:$mid=11443568175382=2644fa0abd2538e8626.0.$1.0.$right.0.0.1.0.$text0\/=1$text24\/=010\">&#8220;Atleta Dedica\u00e7\u00e3o&#8221; nomeado pela Federa\u00e7\u00e3o de Gin\u00e1stica de Portugal (FGP) em 2011,<\/span><br data-reactid=\".25.1.0.0.0.0.1:$mid=11443568175382=2644fa0abd2538e8626.0.$1.0.$right.0.0.1.0.$text0\/=1$text25\/=010\" \/><span data-reactid=\".25.1.0.0.0.0.1:$mid=11443568175382=2644fa0abd2538e8626.0.$1.0.$right.0.0.1.0.$text0\/=1$text26\/=010\">&#8220;Voto de Louvor&#8221; deliberado pela Assembleia Municipal de Oeiras, 2011,<\/span><br data-reactid=\".25.1.0.0.0.0.1:$mid=11443568175382=2644fa0abd2538e8626.0.$1.0.$right.0.0.1.0.$text0\/=1$text27\/=010\" \/><span data-reactid=\".25.1.0.0.0.0.1:$mid=11443568175382=2644fa0abd2538e8626.0.$1.0.$right.0.0.1.0.$text0\/=1$text28\/=010\">&#8220;Homenagem Honrosa&#8221; pela Junta de Freguesia da Cruz Quebrada e Dafundo \u2013 Sal\u00e3o Nobre da Faculdade de Motricidade Humana, 2011.<\/span><br data-reactid=\".25.1.0.0.0.0.1:$mid=11443568175382=2644fa0abd2538e8626.0.$1.0.$right.0.0.1.0.$text0\/=1$text29\/=010\" \/><br data-reactid=\".25.1.0.0.0.0.1:$mid=11443568175382=2644fa0abd2538e8626.0.$1.0.$right.0.0.1.0.$text0\/=1$text31\/=010\" \/><br data-reactid=\".25.1.0.0.0.0.1:$mid=11443568175382=2644fa0abd2538e8626.0.$1.0.$right.0.0.1.0.$text0\/=1$text33\/=010\" \/><span data-reactid=\".25.1.0.0.0.0.1:$mid=11443568175382=2644fa0abd2538e8626.0.$1.0.$right.0.0.1.0.$text0\/=1$text34\/=010\">Competi\u00e7\u00f5es nacionais e internacionais relevantes na modalidade de Gin\u00e1stica Aer\u00f3bica Desportiva (anos):<\/span><br data-reactid=\".25.1.0.0.0.0.1:$mid=11443568175382=2644fa0abd2538e8626.0.$1.0.$right.0.0.1.0.$text0\/=1$text35\/=010\" \/><br data-reactid=\".25.1.0.0.0.0.1:$mid=11443568175382=2644fa0abd2538e8626.0.$1.0.$right.0.0.1.0.$text0\/=1$text37\/=010\" \/><span data-reactid=\".25.1.0.0.0.0.1:$mid=11443568175382=2644fa0abd2538e8626.0.$1.0.$right.0.0.1.0.$text0\/=1$text38\/=010\">-2001,2002,2003 e 2004: Medalha de Ouro atribu\u00edda nos Campeonatos Nacionais<\/span><br data-reactid=\".25.1.0.0.0.0.1:$mid=11443568175382=2644fa0abd2538e8626.0.$1.0.$right.0.0.1.0.$text0\/=1$text39\/=010\" \/><span data-reactid=\".25.1.0.0.0.0.1:$mid=11443568175382=2644fa0abd2538e8626.0.$1.0.$right.0.0.1.0.$text0\/=1$text40\/=010\">-2003: Medalha de Ouro atribu\u00edda no Open Internacional da Alemanha<\/span><br data-reactid=\".25.1.0.0.0.0.1:$mid=11443568175382=2644fa0abd2538e8626.0.$1.0.$right.0.0.1.0.$text0\/=1$text41\/=010\" \/><span data-reactid=\".25.1.0.0.0.0.1:$mid=11443568175382=2644fa0abd2538e8626.0.$1.0.$right.0.0.1.0.$text0\/=1$text42\/=010\">-2005, 2007,2010: Medalha de Ouro atribu\u00edda nos Campeonatos Nacionais<\/span><br data-reactid=\".25.1.0.0.0.0.1:$mid=11443568175382=2644fa0abd2538e8626.0.$1.0.$right.0.0.1.0.$text0\/=1$text43\/=010\" \/><span data-reactid=\".25.1.0.0.0.0.1:$mid=11443568175382=2644fa0abd2538e8626.0.$1.0.$right.0.0.1.0.$text0\/=1$text44\/=010\">-2004: Salva de Prata Ginasta Revela\u00e7\u00e3o\/Jovem talento atribu\u00edda pelo Comit\u00e9 Ol\u00edmpico Nacional<\/span><br data-reactid=\".25.1.0.0.0.0.1:$mid=11443568175382=2644fa0abd2538e8626.0.$1.0.$right.0.0.1.0.$text0\/=1$text45\/=010\" \/><span data-reactid=\".25.1.0.0.0.0.1:$mid=11443568175382=2644fa0abd2538e8626.0.$1.0.$right.0.0.1.0.$text0\/=1$text46\/=010\">-2004: Medalha de Ouro atribu\u00edda no Open Internacional de Portugal<\/span><br data-reactid=\".25.1.0.0.0.0.1:$mid=11443568175382=2644fa0abd2538e8626.0.$1.0.$right.0.0.1.0.$text0\/=1$text47\/=010\" \/><span data-reactid=\".25.1.0.0.0.0.1:$mid=11443568175382=2644fa0abd2538e8626.0.$1.0.$right.0.0.1.0.$text0\/=1$text48\/=010\">-2004: Medalha de Ouro atribu\u00edda no Open Internacional de Fran\u00e7a<\/span><br data-reactid=\".25.1.0.0.0.0.1:$mid=11443568175382=2644fa0abd2538e8626.0.$1.0.$right.0.0.1.0.$text0\/=1$text49\/=010\" \/><span data-reactid=\".25.1.0.0.0.0.1:$mid=11443568175382=2644fa0abd2538e8626.0.$1.0.$right.0.0.1.0.$text0\/=1$text50\/=010\">-2004: Medalha de Ouro atribu\u00edda no Torneio Internacional de It\u00e1lia<\/span><br data-reactid=\".25.1.0.0.0.0.1:$mid=11443568175382=2644fa0abd2538e8626.0.$1.0.$right.0.0.1.0.$text0\/=1$text51\/=010\" \/><span data-reactid=\".25.1.0.0.0.0.1:$mid=11443568175382=2644fa0abd2538e8626.0.$1.0.$right.0.0.1.0.$text0\/=1$text52\/=010\">-2004: Quarto classificado no Campeonato do Mundo (Bulg\u00e1ria)<\/span><br data-reactid=\".25.1.0.0.0.0.1:$mid=11443568175382=2644fa0abd2538e8626.0.$1.0.$right.0.0.1.0.$text0\/=1$text53\/=010\" \/><br data-reactid=\".25.1.0.0.0.0.1:$mid=11443568175382=2644fa0abd2538e8626.0.$1.0.$right.0.0.1.0.$text0\/=1$text55\/=010\" \/><span data-reactid=\".25.1.0.0.0.0.1:$mid=11443568175382=2644fa0abd2538e8626.0.$1.0.$right.0.0.1.0.$text0\/=1$text56\/=010\">-2005: Medalha de Prata atribu\u00edda no Open Internacional da Eslov\u00e1quia<\/span><br data-reactid=\".25.1.0.0.0.0.1:$mid=11443568175382=2644fa0abd2538e8626.0.$1.0.$right.0.0.1.0.$text0\/=1$text57\/=010\" \/><span data-reactid=\".25.1.0.0.0.0.1:$mid=11443568175382=2644fa0abd2538e8626.0.$1.0.$right.0.0.1.0.$text0\/=1$text58\/=010\">-2005: Medalha de Ouro atribu\u00edda no Open Internacional da Eslov\u00e1quia (PM*)<\/span><br data-reactid=\".25.1.0.0.0.0.1:$mid=11443568175382=2644fa0abd2538e8626.0.$1.0.$right.0.0.1.0.$text0\/=1$text59\/=010\" \/><span data-reactid=\".25.1.0.0.0.0.1:$mid=11443568175382=2644fa0abd2538e8626.0.$1.0.$right.0.0.1.0.$text0\/=1$text60\/=010\">-2005: Medalha de Prata atribu\u00edda no Open Internacional de Espanha (PM*)<\/span><br data-reactid=\".25.1.0.0.0.0.1:$mid=11443568175382=2644fa0abd2538e8626.0.$1.0.$right.0.0.1.0.$text0\/=1$text61\/=010\" \/><span data-reactid=\".25.1.0.0.0.0.1:$mid=11443568175382=2644fa0abd2538e8626.0.$1.0.$right.0.0.1.0.$text0\/=1$text62\/=010\">-2005: Finalista no Campeonato da Europa (Portugal)<\/span><br data-reactid=\".25.1.0.0.0.0.1:$mid=11443568175382=2644fa0abd2538e8626.0.$1.0.$right.0.0.1.0.$text0\/=1$text63\/=010\" \/><span data-reactid=\".25.1.0.0.0.0.1:$mid=11443568175382=2644fa0abd2538e8626.0.$1.0.$right.0.0.1.0.$text0\/=1$text64\/=010\">-2005: Finalista no Campeonato da Europa (Portugal) (PM*)<\/span><br data-reactid=\".25.1.0.0.0.0.1:$mid=11443568175382=2644fa0abd2538e8626.0.$1.0.$right.0.0.1.0.$text0\/=1$text65\/=010\" \/><br data-reactid=\".25.1.0.0.0.0.1:$mid=11443568175382=2644fa0abd2538e8626.0.$1.0.$right.0.0.1.0.$text0\/=1$text67\/=010\" \/><span data-reactid=\".25.1.0.0.0.0.1:$mid=11443568175382=2644fa0abd2538e8626.0.$1.0.$right.0.0.1.0.$text0\/=1$text68\/=010\">-2006: Campe\u00e3o Nacional em Gin\u00e1stica Aer\u00f3bica Desportiva<\/span><br data-reactid=\".25.1.0.0.0.0.1:$mid=11443568175382=2644fa0abd2538e8626.0.$1.0.$right.0.0.1.0.$text0\/=1$text69\/=010\" \/><span data-reactid=\".25.1.0.0.0.0.1:$mid=11443568175382=2644fa0abd2538e8626.0.$1.0.$right.0.0.1.0.$text0\/=1$text70\/=010\">-2006: Medalha de Ouro atribu\u00edda no Open Internacional da Eslov\u00e1quia<\/span><br data-reactid=\".25.1.0.0.0.0.1:$mid=11443568175382=2644fa0abd2538e8626.0.$1.0.$right.0.0.1.0.$text0\/=1$text71\/=010\" \/><span data-reactid=\".25.1.0.0.0.0.1:$mid=11443568175382=2644fa0abd2538e8626.0.$1.0.$right.0.0.1.0.$text0\/=1$text72\/=010\">-2006: Medalha de Ouro atribu\u00edda no Open Internacional da Eslov\u00e1quia (PM*)<\/span><br data-reactid=\".25.1.0.0.0.0.1:$mid=11443568175382=2644fa0abd2538e8626.0.$1.0.$right.0.0.1.0.$text0\/=1$text73\/=010\" \/><br data-reactid=\".25.1.0.0.0.0.1:$mid=11443568175382=2644fa0abd2538e8626.0.$1.0.$right.0.0.1.0.$text0\/=1$text75\/=010\" \/><span data-reactid=\".25.1.0.0.0.0.1:$mid=11443568175382=2644fa0abd2538e8626.0.$1.0.$right.0.0.1.0.$text0\/=1$text76\/=010\">-2007: Campe\u00e3o Nacional em Gin\u00e1stica Aer\u00f3bica Desportiva<\/span><br data-reactid=\".25.1.0.0.0.0.1:$mid=11443568175382=2644fa0abd2538e8626.0.$1.0.$right.0.0.1.0.$text0\/=1$text77\/=010\" \/><span data-reactid=\".25.1.0.0.0.0.1:$mid=11443568175382=2644fa0abd2538e8626.0.$1.0.$right.0.0.1.0.$text0\/=1$text78\/=010\">-2007: Medalha de Prata atribu\u00edda no Open Internacional da Eslov\u00e1quia<\/span><br data-reactid=\".25.1.0.0.0.0.1:$mid=11443568175382=2644fa0abd2538e8626.0.$1.0.$right.0.0.1.0.$text0\/=1$text79\/=010\" \/><span data-reactid=\".25.1.0.0.0.0.1:$mid=11443568175382=2644fa0abd2538e8626.0.$1.0.$right.0.0.1.0.$text0\/=1$text80\/=010\">-2007: Medalha de Ouro atribu\u00edda no Open Internacional da Eslov\u00e1quia (PM*)<\/span><br data-reactid=\".25.1.0.0.0.0.1:$mid=11443568175382=2644fa0abd2538e8626.0.$1.0.$right.0.0.1.0.$text0\/=1$text81\/=010\" \/><span data-reactid=\".25.1.0.0.0.0.1:$mid=11443568175382=2644fa0abd2538e8626.0.$1.0.$right.0.0.1.0.$text0\/=1$text82\/=010\">-2007: Medalha de Ouro atribu\u00edda na Prova Internacional: Ta\u00e7a Latina (Portugal) (PM*)<\/span><br data-reactid=\".25.1.0.0.0.0.1:$mid=11443568175382=2644fa0abd2538e8626.0.$1.0.$right.0.0.1.0.$text0\/=1$text83\/=010\" \/><span data-reactid=\".25.1.0.0.0.0.1:$mid=11443568175382=2644fa0abd2538e8626.0.$1.0.$right.0.0.1.0.$text0\/=1$text84\/=010\">-2007: Finalista na Ta\u00e7a do Mundo (Espanha) (PM*)<\/span><br data-reactid=\".25.1.0.0.0.0.1:$mid=11443568175382=2644fa0abd2538e8626.0.$1.0.$right.0.0.1.0.$text0\/=1$text85\/=010\" \/><span data-reactid=\".25.1.0.0.0.0.1:$mid=11443568175382=2644fa0abd2538e8626.0.$1.0.$right.0.0.1.0.$text0\/=1$text86\/=010\">-2007: Quarto classificado no Campeonato da Europa (Hungria) (PM*)<\/span><br data-reactid=\".25.1.0.0.0.0.1:$mid=11443568175382=2644fa0abd2538e8626.0.$1.0.$right.0.0.1.0.$text0\/=1$text87\/=010\" \/><br data-reactid=\".25.1.0.0.0.0.1:$mid=11443568175382=2644fa0abd2538e8626.0.$1.0.$right.0.0.1.0.$text0\/=1$text89\/=010\" \/><span data-reactid=\".25.1.0.0.0.0.1:$mid=11443568175382=2644fa0abd2538e8626.0.$1.0.$right.0.0.1.0.$text0\/=1$text90\/=010\">-2008: Medalha de Prata atribu\u00edda no Open Internacional da Eslov\u00e1quia<\/span><br data-reactid=\".25.1.0.0.0.0.1:$mid=11443568175382=2644fa0abd2538e8626.0.$1.0.$right.0.0.1.0.$text0\/=1$text91\/=010\" \/><span data-reactid=\".25.1.0.0.0.0.1:$mid=11443568175382=2644fa0abd2538e8626.0.$1.0.$right.0.0.1.0.$text0\/=1$text92\/=010\">-2008: Medalha de Ouro atribu\u00edda no Open Internacional da Eslov\u00e1quia (PM*)<\/span><br data-reactid=\".25.1.0.0.0.0.1:$mid=11443568175382=2644fa0abd2538e8626.0.$1.0.$right.0.0.1.0.$text0\/=1$text93\/=010\" \/><span data-reactid=\".25.1.0.0.0.0.1:$mid=11443568175382=2644fa0abd2538e8626.0.$1.0.$right.0.0.1.0.$text0\/=1$text94\/=010\">-2008: Medalha de Prata atribu\u00edda no Open Internacional de Fran\u00e7a <\/span><br data-reactid=\".25.1.0.0.0.0.1:$mid=11443568175382=2644fa0abd2538e8626.0.$1.0.$right.0.0.1.0.$text0\/=1$text95\/=010\" \/><span data-reactid=\".25.1.0.0.0.0.1:$mid=11443568175382=2644fa0abd2538e8626.0.$1.0.$right.0.0.1.0.$text0\/=1$text96\/=010\">-2008: Medalha de Ouro atribu\u00edda no Open Internacional de Fran\u00e7a (PM*)<\/span><br data-reactid=\".25.1.0.0.0.0.1:$mid=11443568175382=2644fa0abd2538e8626.0.$1.0.$right.0.0.1.0.$text0\/=1$text97\/=010\" \/><span data-reactid=\".25.1.0.0.0.0.1:$mid=11443568175382=2644fa0abd2538e8626.0.$1.0.$right.0.0.1.0.$text0\/=1$text98\/=010\">-2008: Medalha de Prata atribu\u00edda no Open Internacional de Espanha <\/span><br data-reactid=\".25.1.0.0.0.0.1:$mid=11443568175382=2644fa0abd2538e8626.0.$1.0.$right.0.0.1.0.$text0\/=1$text99\/=010\" \/><span data-reactid=\".25.1.0.0.0.0.1:$mid=11443568175382=2644fa0abd2538e8626.0.$1.0.$right.0.0.1.0.$text0\/=1$text100\/=010\">-2008: Medalha de Ouro atribu\u00edda no Open Internacional de Espanha (PM*)<\/span><br data-reactid=\".25.1.0.0.0.0.1:$mid=11443568175382=2644fa0abd2538e8626.0.$1.0.$right.0.0.1.0.$text0\/=1$text101\/=010\" \/><span data-reactid=\".25.1.0.0.0.0.1:$mid=11443568175382=2644fa0abd2538e8626.0.$1.0.$right.0.0.1.0.$text0\/=1$text102\/=010\">-2008: Medalha de Prata atribu\u00edda na Prova Internacional: Ta\u00e7a Latina (Portugal)<\/span><br data-reactid=\".25.1.0.0.0.0.1:$mid=11443568175382=2644fa0abd2538e8626.0.$1.0.$right.0.0.1.0.$text0\/=1$text103\/=010\" \/><span data-reactid=\".25.1.0.0.0.0.1:$mid=11443568175382=2644fa0abd2538e8626.0.$1.0.$right.0.0.1.0.$text0\/=1$text104\/=010\">-2008: Medalha de Ouro atribu\u00edda na Prova Internacional: Ta\u00e7a Latina (Portugal) (PM*)<\/span><br data-reactid=\".25.1.0.0.0.0.1:$mid=11443568175382=2644fa0abd2538e8626.0.$1.0.$right.0.0.1.0.$text0\/=1$text105\/=010\" \/><span data-reactid=\".25.1.0.0.0.0.1:$mid=11443568175382=2644fa0abd2538e8626.0.$1.0.$right.0.0.1.0.$text0\/=1$text106\/=010\">-2008: Participa\u00e7\u00e3o no Campeonato do Mundo (Alemanha)<\/span><br data-reactid=\".25.1.0.0.0.0.1:$mid=11443568175382=2644fa0abd2538e8626.0.$1.0.$right.0.0.1.0.$text0\/=1$text107\/=010\" \/><br data-reactid=\".25.1.0.0.0.0.1:$mid=11443568175382=2644fa0abd2538e8626.0.$1.0.$right.0.0.1.0.$text0\/=1$text109\/=010\" \/><span data-reactid=\".25.1.0.0.0.0.1:$mid=11443568175382=2644fa0abd2538e8626.0.$1.0.$right.0.0.1.0.$text0\/=1$text110\/=010\">-2009: Medalha de Prata atribu\u00edda na Prova Internacional: Ta\u00e7a Latina (Portugal)<\/span><br data-reactid=\".25.1.0.0.0.0.1:$mid=11443568175382=2644fa0abd2538e8626.0.$1.0.$right.0.0.1.0.$text0\/=1$text111\/=010\" \/><span data-reactid=\".25.1.0.0.0.0.1:$mid=11443568175382=2644fa0abd2538e8626.0.$1.0.$right.0.0.1.0.$text0\/=1$text112\/=010\">-2009: Medalha de Prata atribu\u00edda na Prova Internacional: Ta\u00e7a Latina (Portugal) (PM*)<\/span><br data-reactid=\".25.1.0.0.0.0.1:$mid=11443568175382=2644fa0abd2538e8626.0.$1.0.$right.0.0.1.0.$text0\/=1$text113\/=010\" \/><span data-reactid=\".25.1.0.0.0.0.1:$mid=11443568175382=2644fa0abd2538e8626.0.$1.0.$right.0.0.1.0.$text0\/=1$text114\/=010\">-2009: 4\u00ba Classificado na Ta\u00e7a do Mundo da Bulg\u00e1ria (PM*)<\/span><br data-reactid=\".25.1.0.0.0.0.1:$mid=11443568175382=2644fa0abd2538e8626.0.$1.0.$right.0.0.1.0.$text0\/=1$text115\/=010\" \/><span data-reactid=\".25.1.0.0.0.0.1:$mid=11443568175382=2644fa0abd2538e8626.0.$1.0.$right.0.0.1.0.$text0\/=1$text116\/=010\">-2009: 4\u00ba Classificado na Ta\u00e7a do Mundo de Fran\u00e7a (PM*)<\/span><br data-reactid=\".25.1.0.0.0.0.1:$mid=11443568175382=2644fa0abd2538e8626.0.$1.0.$right.0.0.1.0.$text0\/=1$text117\/=010\" \/><span data-reactid=\".25.1.0.0.0.0.1:$mid=11443568175382=2644fa0abd2538e8626.0.$1.0.$right.0.0.1.0.$text0\/=1$text118\/=010\">&#8211; 2009: Participa\u00e7\u00e3o no Campeonato da Europa (Republica Checa)<\/span><br data-reactid=\".25.1.0.0.0.0.1:$mid=11443568175382=2644fa0abd2538e8626.0.$1.0.$right.0.0.1.0.$text0\/=1$text119\/=010\" \/><span data-reactid=\".25.1.0.0.0.0.1:$mid=11443568175382=2644fa0abd2538e8626.0.$1.0.$right.0.0.1.0.$text0\/=1$text120\/=010\">-2009: 6\u00ba Classificado nos Jogos Mundiais (prova equivalente aos Jogos Ol\u00edmpicos) em Kaohsiung (Taiwan) (PM*)<\/span><br data-reactid=\".25.1.0.0.0.0.1:$mid=11443568175382=2644fa0abd2538e8626.0.$1.0.$right.0.0.1.0.$text0\/=1$text121\/=010\" \/><br data-reactid=\".25.1.0.0.0.0.1:$mid=11443568175382=2644fa0abd2538e8626.0.$1.0.$right.0.0.1.0.$text0\/=1$text123\/=010\" \/><span data-reactid=\".25.1.0.0.0.0.1:$mid=11443568175382=2644fa0abd2538e8626.0.$1.0.$right.0.0.1.0.$text0\/=1$text124\/=010\">-2010: Campe\u00e3o Nacional de Gin\u00e1stica Aer\u00f3bica Desportiva<\/span><br data-reactid=\".25.1.0.0.0.0.1:$mid=11443568175382=2644fa0abd2538e8626.0.$1.0.$right.0.0.1.0.$text0\/=1$text125\/=010\" \/><span data-reactid=\".25.1.0.0.0.0.1:$mid=11443568175382=2644fa0abd2538e8626.0.$1.0.$right.0.0.1.0.$text0\/=1$text126\/=010\">&#8211; 2010: Medalha de ouro atribu\u00edda na Prova Internacional: Ta\u00e7a Latina (Portugal)<\/span><br data-reactid=\".25.1.0.0.0.0.1:$mid=11443568175382=2644fa0abd2538e8626.0.$1.0.$right.0.0.1.0.$text0\/=1$text127\/=010\" \/><span data-reactid=\".25.1.0.0.0.0.1:$mid=11443568175382=2644fa0abd2538e8626.0.$1.0.$right.0.0.1.0.$text0\/=1$text128\/=010\">&#8211; 2010: 3\u00ba Classificado na Ta\u00e7a do Mundo dos A\u00e7ores (PM*)<\/span><br data-reactid=\".25.1.0.0.0.0.1:$mid=11443568175382=2644fa0abd2538e8626.0.$1.0.$right.0.0.1.0.$text0\/=1$text129\/=010\" \/><span data-reactid=\".25.1.0.0.0.0.1:$mid=11443568175382=2644fa0abd2538e8626.0.$1.0.$right.0.0.1.0.$text0\/=1$text130\/=010\">&#8211; 2010: 6\u00ba Classificado na Ta\u00e7a do Mundo nos A\u00e7ores<\/span><br data-reactid=\".25.1.0.0.0.0.1:$mid=11443568175382=2644fa0abd2538e8626.0.$1.0.$right.0.0.1.0.$text0\/=1$text131\/=010\" \/><span data-reactid=\".25.1.0.0.0.0.1:$mid=11443568175382=2644fa0abd2538e8626.0.$1.0.$right.0.0.1.0.$text0\/=1$text132\/=010\">&#8211; Participa\u00e7\u00e3o no Campeonato do Mundo (Fran\u00e7a)<\/span><br data-reactid=\".25.1.0.0.0.0.1:$mid=11443568175382=2644fa0abd2538e8626.0.$1.0.$right.0.0.1.0.$text0\/=1$text133\/=010\" \/><br data-reactid=\".25.1.0.0.0.0.1:$mid=11443568175382=2644fa0abd2538e8626.0.$1.0.$right.0.0.1.0.$text0\/=1$text135\/=010\" \/><span data-reactid=\".25.1.0.0.0.0.1:$mid=11443568175382=2644fa0abd2538e8626.0.$1.0.$right.0.0.1.0.$text0\/=1$text136\/=010\">-2011Campe\u00e3o Nacional de Gin\u00e1stica Aer\u00f3bica Desportiva<\/span><br data-reactid=\".25.1.0.0.0.0.1:$mid=11443568175382=2644fa0abd2538e8626.0.$1.0.$right.0.0.1.0.$text0\/=1$text137\/=010\" \/><span data-reactid=\".25.1.0.0.0.0.1:$mid=11443568175382=2644fa0abd2538e8626.0.$1.0.$right.0.0.1.0.$text0\/=1$text138\/=010\">-2011: Medalha de Prata na Copa Ib\u00e9rica em Espanha <\/span><br data-reactid=\".25.1.0.0.0.0.1:$mid=11443568175382=2644fa0abd2538e8626.0.$1.0.$right.0.0.1.0.$text0\/=1$text139\/=010\" \/><span data-reactid=\".25.1.0.0.0.0.1:$mid=11443568175382=2644fa0abd2538e8626.0.$1.0.$right.0.0.1.0.$text0\/=1$text140\/=010\">-2011: Medalha de Prata na Copa Ib\u00e9rica em Espanha (PM*)<\/span><br data-reactid=\".25.1.0.0.0.0.1:$mid=11443568175382=2644fa0abd2538e8626.0.$1.0.$right.0.0.1.0.$text0\/=1$text141\/=010\" \/><br data-reactid=\".25.1.0.0.0.0.1:$mid=11443568175382=2644fa0abd2538e8626.0.$1.0.$right.0.0.1.0.$text0\/=1$text143\/=010\" \/><span data-reactid=\".25.1.0.0.0.0.1:$mid=11443568175382=2644fa0abd2538e8626.0.$1.0.$right.0.0.1.0.$text0\/=1$text144\/=010\">&#8211; 2012: Medalha de Prata na Ta\u00e7a do Mundo da \u00c1ustria (PM*)<\/span><br data-reactid=\".25.1.0.0.0.0.1:$mid=11443568175382=2644fa0abd2538e8626.0.$1.0.$right.0.0.1.0.$text0\/=1$text145\/=010\" \/><br data-reactid=\".25.1.0.0.0.0.1:$mid=11443568175382=2644fa0abd2538e8626.0.$1.0.$right.0.0.1.0.$text0\/=1$text147\/=010\" \/><span data-reactid=\".25.1.0.0.0.0.1:$mid=11443568175382=2644fa0abd2538e8626.0.$1.0.$right.0.0.1.0.$text0\/=1$text148\/=010\">-2013: Medalha de Ouro no Open Internacional De Cantanhede (Portugal) (MP)<\/span><br data-reactid=\".25.1.0.0.0.0.1:$mid=11443568175382=2644fa0abd2538e8626.0.$1.0.$right.0.0.1.0.$text0\/=1$text149\/=010\" \/><span data-reactid=\".25.1.0.0.0.0.1:$mid=11443568175382=2644fa0abd2538e8626.0.$1.0.$right.0.0.1.0.$text0\/=1$text150\/=010\">-2013: Medalha de Ouro na Ta\u00e7a do Mundo de Fran\u00e7a (MP)<\/span><br data-reactid=\".25.1.0.0.0.0.1:$mid=11443568175382=2644fa0abd2538e8626.0.$1.0.$right.0.0.1.0.$text0\/=1$text151\/=010\" \/><br data-reactid=\".25.1.0.0.0.0.1:$mid=11443568175382=2644fa0abd2538e8626.0.$1.0.$right.0.0.1.0.$text0\/=1$text153\/=010\" \/><span data-reactid=\".25.1.0.0.0.0.1:$mid=11443568175382=2644fa0abd2538e8626.0.$1.0.$right.0.0.1.0.$text0\/=1$text154\/=010\">-2014: Medalha de bronze na Ta\u00e7a do Mundo dos A\u00e7ores (MP)<\/span><br data-reactid=\".25.1.0.0.0.0.1:$mid=11443568175382=2644fa0abd2538e8626.0.$1.0.$right.0.0.1.0.$text0\/=1$text155\/=010\" \/><br data-reactid=\".25.1.0.0.0.0.1:$mid=11443568175382=2644fa0abd2538e8626.0.$1.0.$right.0.0.1.0.$text0\/=1$text157\/=010\" \/><span data-reactid=\".25.1.0.0.0.0.1:$mid=11443568175382=2644fa0abd2538e8626.0.$1.0.$right.0.0.1.0.$text0\/=1$text158\/=010\">-2015: Medalha de Ouro no Open Internacional de Cantanhede (MP)<\/span><br data-reactid=\".25.1.0.0.0.0.1:$mid=11443568175382=2644fa0abd2538e8626.0.$1.0.$right.0.0.1.0.$text0\/=1$text159\/=010\" \/><span data-reactid=\".25.1.0.0.0.0.1:$mid=11443568175382=2644fa0abd2538e8626.0.$1.0.$right.0.0.1.0.$text0\/=1$text160\/=010\">&#8211; 2015: 7\u00ba Classificado nos primeiros Jogos Ol\u00edmpicos Europeus, Baku &#8211; Azerbaij\u00e3o (MP)<\/span><br data-reactid=\".25.1.0.0.0.0.1:$mid=11443568175382=2644fa0abd2538e8626.0.$1.0.$right.0.0.1.0.$text0\/=1$text161\/=010\" \/><br data-reactid=\".25.1.0.0.0.0.1:$mid=11443568175382=2644fa0abd2538e8626.0.$1.0.$right.0.0.1.0.$text0\/=1$text163\/=010\" \/><span data-reactid=\".25.1.0.0.0.0.1:$mid=11443568175382=2644fa0abd2538e8626.0.$1.0.$right.0.0.1.0.$text0\/=1$text164\/=010\">Poder\u00e1 aceder \u00e0 p\u00e1gina do ginasta no Facebook em:<\/span><br data-reactid=\".25.1.0.0.0.0.1:$mid=11443568175382=2644fa0abd2538e8626.0.$1.0.$right.0.0.1.0.$text0\/=1$text165\/=010\" \/><a href=\"https:\/\/www.facebook.com\/Tiago.Faquinha.Ginasta?__mref=message_bubble\" target=\"_blank\" rel=\"noopener\" data-reactid=\".25.1.0.0.0.0.1:$mid=11443568175382=2644fa0abd2538e8626.0.$1.0.$right.0.0.1.0.$range0\/=10\">https:\/\/www.facebook.com\/Tiago.Faquinha.Ginasta<\/a><\/span><\/p>\n","protected":false},"excerpt":{"rendered":"<p>\u00c9 OFICIALTiago faquinha, ginasta integrante na sele\u00e7\u00e3o nacional de gin\u00e1stica aer\u00f3bica desde 2003 representa a partir de hoje a SFRUA!Recorde-se que o ginasta iniciou-se na SFRUA no ano 2000 e representou as cores da casa durante 8 \u00e9pocas consecutivas. Como dita o ditado \u201cbom filho \u00e0 sua casa torna\u201d, Tiago Faquinha assina com a SFRUA [&hellip;]<\/p>\n","protected":false},"author":1,"featured_media":6535,"comment_status":"closed","ping_status":"closed","sticky":false,"template":"","format":"standard","meta":{"footnotes":""},"categories":[26,36],"tags":[52,175,185],"class_list":["post-4495","post","type-post","status-publish","format-standard","has-post-thumbnail","hentry","category-ginastica","category-noticias","tag-aerobica","tag-ginastica","tag-ginastica-201516"],"views":441,"_links":{"self":[{"href":"https:\/\/www.sfrua.pt\/index.php?rest_route=\/wp\/v2\/posts\/4495","targetHints":{"allow":["GET"]}}],"collection":[{"href":"https:\/\/www.sfrua.pt\/index.php?rest_route=\/wp\/v2\/posts"}],"about":[{"href":"https:\/\/www.sfrua.pt\/index.php?rest_route=\/wp\/v2\/types\/post"}],"author":[{"embeddable":true,"href":"https:\/\/www.sfrua.pt\/index.php?rest_route=\/wp\/v2\/users\/1"}],"replies":[{"embeddable":true,"href":"https:\/\/www.sfrua.pt\/index.php?rest_route=%2Fwp%2Fv2%2Fcomments&post=4495"}],"version-history":[{"count":0,"href":"https:\/\/www.sfrua.pt\/index.php?rest_route=\/wp\/v2\/posts\/4495\/revisions"}],"wp:featuredmedia":[{"embeddable":true,"href":"https:\/\/www.sfrua.pt\/index.php?rest_route=\/"}],"wp:attachment":[{"href":"https:\/\/www.sfrua.pt\/index.php?rest_route=%2Fwp%2Fv2%2Fmedia&parent=4495"}],"wp:term":[{"taxonomy":"category","embeddable":true,"href":"https:\/\/www.sfrua.pt\/index.php?rest_route=%2Fwp%2Fv2%2Fcategories&post=4495"},{"taxonomy":"post_tag","embeddable":true,"href":"https:\/\/www.sfrua.pt\/index.php?rest_route=%2Fwp%2Fv2%2Ftags&post=4495"}],"curies":[{"name":"wp","href":"https:\/\/api.w.org\/{rel}","templated":true}]}}