{"id":4503,"date":"2015-10-05T09:35:48","date_gmt":"2015-10-05T08:35:48","guid":{"rendered":"http:\/\/sfrua.pt\/?p=4503"},"modified":"2026-04-08T16:41:13","modified_gmt":"2026-04-08T16:41:13","slug":"tiago-faquinha-no-estagio-da-seleccao-nacional","status":"publish","type":"post","link":"https:\/\/www.sfrua.pt\/?p=4503","title":{"rendered":"Tiago Faquinha no Est\u00e1gio da Selec\u00e7\u00e3o Nacional"},"content":{"rendered":"<p><a href=\"http:\/\/sfrua.pt\/wp-content\/uploads\/2015\/10\/tiago-faquinha-e-ana-macanita.jpg\"><img loading=\"lazy\" decoding=\"async\" class=\"alignnone size-full wp-image-4504\" src=\"http:\/\/sfrua.pt\/wp-content\/uploads\/2015\/10\/tiago-faquinha-e-ana-macanita.jpg\" alt=\"tiago faquinha e ana macanita\" width=\"720\" height=\"720\" \/><\/a><\/p>\n<p><span class=\"_3qi9\" data-reactid=\".1z.1.0.0.0.0.1:$mid=11443982346023=25e99a7a00eb1ab8540.0.$1.0.$right.0.0.1.0\"><span data-reactid=\".1z.1.0.0.0.0.1:$mid=11443982346023=25e99a7a00eb1ab8540.0.$1.0.$right.0.0.1.0.$text0\/=1$text0\/=010\">O ginasta da SFRUA, Tiago Faquinha, esteve presente no Est\u00e1gio da Selec\u00e7\u00e3o Nacional de prepara\u00e7\u00e3o para o Campeonato da Europa a decorrer nos dias 6-8 de Novembro em Elvas, Portugal. <\/span><br data-reactid=\".1z.1.0.0.0.0.1:$mid=11443982346023=25e99a7a00eb1ab8540.0.$1.0.$right.0.0.1.0.$text0\/=1$text1\/=010\" \/><br data-reactid=\".1z.1.0.0.0.0.1:$mid=11443982346023=25e99a7a00eb1ab8540.0.$1.0.$right.0.0.1.0.$text0\/=1$text3\/=010\" \/><span data-reactid=\".1z.1.0.0.0.0.1:$mid=11443982346023=25e99a7a00eb1ab8540.0.$1.0.$right.0.0.1.0.$text0\/=1$text4\/=010\">A SFRUA, os Alhosvedrenses e Portugal apoiam o par portugu\u00eas Macanita\/Faquinha e desejam os maiores sucessos na competi\u00e7\u00e3o. De salientar que em 2005 o par portugu\u00eas alcan\u00e7ou o 6&#8242; lugar no Europeu em Portugal e, em 2007, o 4&#8242; lugar da tabela na Hungria.<\/span><br \/>\n<\/span><\/p>\n","protected":false},"excerpt":{"rendered":"<p>O ginasta da SFRUA, Tiago Faquinha, esteve presente no Est\u00e1gio da Selec\u00e7\u00e3o Nacional de prepara\u00e7\u00e3o para o Campeonato da Europa a decorrer nos dias 6-8 de Novembro em Elvas, Portugal. A SFRUA, os Alhosvedrenses e Portugal apoiam o par portugu\u00eas Macanita\/Faquinha e desejam os maiores sucessos na competi\u00e7\u00e3o. De salientar que em 2005 o par [&hellip;]<\/p>\n","protected":false},"author":1,"featured_media":11359,"comment_status":"closed","ping_status":"closed","sticky":false,"template":"","format":"standard","meta":{"footnotes":""},"categories":[42,36],"tags":[175,185],"class_list":["post-4503","post","type-post","status-publish","format-standard","has-post-thumbnail","hentry","category-ginastica-aerobica","category-noticias","tag-ginastica","tag-ginastica-201516"],"views":493,"_links":{"self":[{"href":"https:\/\/www.sfrua.pt\/index.php?rest_route=\/wp\/v2\/posts\/4503","targetHints":{"allow":["GET"]}}],"collection":[{"href":"https:\/\/www.sfrua.pt\/index.php?rest_route=\/wp\/v2\/posts"}],"about":[{"href":"https:\/\/www.sfrua.pt\/index.php?rest_route=\/wp\/v2\/types\/post"}],"author":[{"embeddable":true,"href":"https:\/\/www.sfrua.pt\/index.php?rest_route=\/wp\/v2\/users\/1"}],"replies":[{"embeddable":true,"href":"https:\/\/www.sfrua.pt\/index.php?rest_route=%2Fwp%2Fv2%2Fcomments&post=4503"}],"version-history":[{"count":1,"href":"https:\/\/www.sfrua.pt\/index.php?rest_route=\/wp\/v2\/posts\/4503\/revisions"}],"predecessor-version":[{"id":11360,"href":"https:\/\/www.sfrua.pt\/index.php?rest_route=\/wp\/v2\/posts\/4503\/revisions\/11360"}],"wp:featuredmedia":[{"embeddable":true,"href":"https:\/\/www.sfrua.pt\/index.php?rest_route=\/wp\/v2\/media\/11359"}],"wp:attachment":[{"href":"https:\/\/www.sfrua.pt\/index.php?rest_route=%2Fwp%2Fv2%2Fmedia&parent=4503"}],"wp:term":[{"taxonomy":"category","embeddable":true,"href":"https:\/\/www.sfrua.pt\/index.php?rest_route=%2Fwp%2Fv2%2Fcategories&post=4503"},{"taxonomy":"post_tag","embeddable":true,"href":"https:\/\/www.sfrua.pt\/index.php?rest_route=%2Fwp%2Fv2%2Ftags&post=4503"}],"curies":[{"name":"wp","href":"https:\/\/api.w.org\/{rel}","templated":true}]}}