{"id":4520,"date":"2015-11-01T21:36:30","date_gmt":"2015-11-01T20:36:30","guid":{"rendered":"http:\/\/sfrua.pt\/?p=4520"},"modified":"2025-12-10T16:30:27","modified_gmt":"2025-12-10T16:30:27","slug":"rainha-do-carnaval-2016-inscricoes-abertas","status":"publish","type":"post","link":"https:\/\/www.sfrua.pt\/?p=4520","title":{"rendered":"Rainha do Carnaval 2016 &#8211; Inscri\u00e7\u00f5es abertas"},"content":{"rendered":"<p><a href=\"http:\/\/sfrua.pt\/wp-content\/uploads\/2015\/10\/rainha2016.jpg\"><img loading=\"lazy\" decoding=\"async\" class=\"alignnone size-large wp-image-4547\" src=\"http:\/\/sfrua.pt\/wp-content\/uploads\/2015\/10\/rainha2016-724x1024.jpg\" alt=\"rainha2016\" width=\"724\" height=\"1024\" \/><\/a><br \/>\nA Elei\u00e7\u00e3o da Rainha do Carnaval de Alhos Vedros 2016, este ano \u00e9 mais cedo, dia 5 de dezembro!<\/p>\n<p>As inscri\u00e7\u00f5es est\u00e3o abertas! Os ensaios come\u00e7am\u00a0na primeira semana de novembro.<\/p>\n<p>Mais informa\u00e7\u00f5es\/Inscri\u00e7\u00f5es: Sec\u00e7\u00e3o de Carnaval na SFRUA &#8211; Todos os dias entre as 21h e as 22h<\/p>\n","protected":false},"excerpt":{"rendered":"<p>A Elei\u00e7\u00e3o da Rainha do Carnaval de Alhos Vedros 2016, este ano \u00e9 mais cedo, dia 5 de dezembro! As inscri\u00e7\u00f5es est\u00e3o abertas! Os ensaios come\u00e7am\u00a0na primeira semana de novembro. Mais informa\u00e7\u00f5es\/Inscri\u00e7\u00f5es: Sec\u00e7\u00e3o de Carnaval na SFRUA &#8211; Todos os dias entre as 21h e as 22h<\/p>\n","protected":false},"author":1,"featured_media":10635,"comment_status":"closed","ping_status":"closed","sticky":false,"template":"","format":"standard","meta":{"footnotes":""},"categories":[19,36],"tags":[127],"class_list":["post-4520","post","type-post","status-publish","format-standard","has-post-thumbnail","hentry","category-carnaval","category-noticias","tag-carnaval-2016"],"views":524,"_links":{"self":[{"href":"https:\/\/www.sfrua.pt\/index.php?rest_route=\/wp\/v2\/posts\/4520","targetHints":{"allow":["GET"]}}],"collection":[{"href":"https:\/\/www.sfrua.pt\/index.php?rest_route=\/wp\/v2\/posts"}],"about":[{"href":"https:\/\/www.sfrua.pt\/index.php?rest_route=\/wp\/v2\/types\/post"}],"author":[{"embeddable":true,"href":"https:\/\/www.sfrua.pt\/index.php?rest_route=\/wp\/v2\/users\/1"}],"replies":[{"embeddable":true,"href":"https:\/\/www.sfrua.pt\/index.php?rest_route=%2Fwp%2Fv2%2Fcomments&post=4520"}],"version-history":[{"count":1,"href":"https:\/\/www.sfrua.pt\/index.php?rest_route=\/wp\/v2\/posts\/4520\/revisions"}],"predecessor-version":[{"id":10636,"href":"https:\/\/www.sfrua.pt\/index.php?rest_route=\/wp\/v2\/posts\/4520\/revisions\/10636"}],"wp:featuredmedia":[{"embeddable":true,"href":"https:\/\/www.sfrua.pt\/index.php?rest_route=\/wp\/v2\/media\/10635"}],"wp:attachment":[{"href":"https:\/\/www.sfrua.pt\/index.php?rest_route=%2Fwp%2Fv2%2Fmedia&parent=4520"}],"wp:term":[{"taxonomy":"category","embeddable":true,"href":"https:\/\/www.sfrua.pt\/index.php?rest_route=%2Fwp%2Fv2%2Fcategories&post=4520"},{"taxonomy":"post_tag","embeddable":true,"href":"https:\/\/www.sfrua.pt\/index.php?rest_route=%2Fwp%2Fv2%2Ftags&post=4520"}],"curies":[{"name":"wp","href":"https:\/\/api.w.org\/{rel}","templated":true}]}}