{"id":4561,"date":"2015-12-06T23:20:59","date_gmt":"2015-12-06T22:20:59","guid":{"rendered":"http:\/\/sfrua.pt\/?p=4561"},"modified":"2026-04-07T16:20:13","modified_gmt":"2026-04-07T16:20:13","slug":"4561","status":"publish","type":"post","link":"https:\/\/www.sfrua.pt\/?p=4561","title":{"rendered":"Fotos: Elei\u00e7\u00e3o da Madrinha da Bateria e Rainha do Carnaval 2016"},"content":{"rendered":"<p><img loading=\"lazy\" decoding=\"async\" class=\"alignnone wp-image-4562 size-full\" src=\"http:\/\/sfrua.pt\/wp-content\/uploads\/2015\/12\/DSCF1647.jpg\" alt=\"DSCF1647\" width=\"1440\" height=\"1080\" \/><\/p>\n<p><a href=\"https:\/\/photos.app.goo.gl\/fz58k5bwiSizVu798\" target=\"_blank\" rel=\"noopener\">\u00c1LBUM N\u00ba1 &#8211; CLICAR AQUI<\/a><br \/>\n(Colabora\u00e7\u00e3o de: Hugo Horta)<\/p>\n<p><a href=\"https:\/\/photos.app.goo.gl\/aRXs8oHk4defEzCG9\" target=\"_blank\" rel=\"noopener\">\u00c1LBUM N\u00ba 2 &#8211; CLICAR AQUI\u00a0<\/a><br \/>\n(Colabora\u00e7\u00e3o de: Ana Contente)<\/p>\n<p>Rainha do Carnaval de Alhos Vedros 2016: <strong>Eva Bacalhau<\/strong><br \/>\n1\u00aa Dama de Honor: <strong>J\u00e9ssica Ferreira<\/strong><br \/>\n2\u00aa Dama de Honor: <strong>Ana Marques<\/strong><br \/>\nMadrinha da Bateria de Samba da SFRUA 2016 &#8211; <strong>Soraia Fernandes<\/strong><\/p>\n","protected":false},"excerpt":{"rendered":"<p>\u00c1LBUM N\u00ba1 &#8211; CLICAR AQUI (Colabora\u00e7\u00e3o de: Hugo Horta) \u00c1LBUM N\u00ba 2 &#8211; CLICAR AQUI\u00a0 (Colabora\u00e7\u00e3o de: Ana Contente) Rainha do Carnaval de Alhos Vedros 2016: Eva Bacalhau 1\u00aa Dama de Honor: J\u00e9ssica Ferreira 2\u00aa Dama de Honor: Ana Marques Madrinha da Bateria de Samba da SFRUA 2016 &#8211; Soraia Fernandes<\/p>\n","protected":false},"author":1,"featured_media":11104,"comment_status":"closed","ping_status":"closed","sticky":false,"template":"","format":"standard","meta":{"footnotes":""},"categories":[19,24],"tags":[127,332,247],"class_list":["post-4561","post","type-post","status-publish","format-standard","has-post-thumbnail","hentry","category-carnaval","category-fotos","tag-carnaval-2016","tag-madrinhas-bateria","tag-rainhas"],"views":501,"_links":{"self":[{"href":"https:\/\/www.sfrua.pt\/index.php?rest_route=\/wp\/v2\/posts\/4561","targetHints":{"allow":["GET"]}}],"collection":[{"href":"https:\/\/www.sfrua.pt\/index.php?rest_route=\/wp\/v2\/posts"}],"about":[{"href":"https:\/\/www.sfrua.pt\/index.php?rest_route=\/wp\/v2\/types\/post"}],"author":[{"embeddable":true,"href":"https:\/\/www.sfrua.pt\/index.php?rest_route=\/wp\/v2\/users\/1"}],"replies":[{"embeddable":true,"href":"https:\/\/www.sfrua.pt\/index.php?rest_route=%2Fwp%2Fv2%2Fcomments&post=4561"}],"version-history":[{"count":2,"href":"https:\/\/www.sfrua.pt\/index.php?rest_route=\/wp\/v2\/posts\/4561\/revisions"}],"predecessor-version":[{"id":11105,"href":"https:\/\/www.sfrua.pt\/index.php?rest_route=\/wp\/v2\/posts\/4561\/revisions\/11105"}],"wp:featuredmedia":[{"embeddable":true,"href":"https:\/\/www.sfrua.pt\/index.php?rest_route=\/wp\/v2\/media\/11104"}],"wp:attachment":[{"href":"https:\/\/www.sfrua.pt\/index.php?rest_route=%2Fwp%2Fv2%2Fmedia&parent=4561"}],"wp:term":[{"taxonomy":"category","embeddable":true,"href":"https:\/\/www.sfrua.pt\/index.php?rest_route=%2Fwp%2Fv2%2Fcategories&post=4561"},{"taxonomy":"post_tag","embeddable":true,"href":"https:\/\/www.sfrua.pt\/index.php?rest_route=%2Fwp%2Fv2%2Ftags&post=4561"}],"curies":[{"name":"wp","href":"https:\/\/api.w.org\/{rel}","templated":true}]}}