{"id":4610,"date":"2016-02-10T12:53:40","date_gmt":"2016-02-10T11:53:40","guid":{"rendered":"http:\/\/sfrua.pt\/?p=4610"},"modified":"2026-04-07T14:38:21","modified_gmt":"2026-04-07T14:38:21","slug":"carnaval-2016","status":"publish","type":"post","link":"https:\/\/www.sfrua.pt\/?p=4610","title":{"rendered":"Tudo sobre o Carnaval de Alhos Vedros 2016"},"content":{"rendered":"<p><a href=\"http:\/\/sfrua.pt\/wp-content\/uploads\/2016\/01\/cartaz-carnaval-2016.jpg\" rel=\"attachment wp-att-4615\"><img loading=\"lazy\" decoding=\"async\" class=\"wp-image-4615 alignnone\" src=\"http:\/\/sfrua.pt\/wp-content\/uploads\/2016\/01\/cartaz-carnaval-2016-215x300.jpg\" alt=\"cartaz carnaval 2016\" width=\"480\" height=\"668\" \/><\/a><\/p>\n<p>O Corso Carnavalesco de Alhos Vedros saiu \u00e0 rua nos dias 7 e 9 de fevereiro, \u00e0s 15:00h, com o tema \u201c<strong>A Velhinha \u00e9 invadida pelas Quatro Esta\u00e7\u00f5es do Ano<\/strong>\u201d. Este corso de carnaval foi, uma vez mais, promovido pela <strong>S<\/strong>ociedade <strong>F<\/strong>ilarm\u00f3nica <strong>R<\/strong>ecreio e <strong>U<\/strong>ni\u00e3o <strong>A<\/strong>lhosvedrense \u201cA Velhinha\u201d, com o apoio de algumas institui\u00e7\u00f5es e do com\u00e9rcio local.<\/p>\n<p><!--more--><\/p>\n<p><strong><a href=\"http:\/\/sfrua.pt\/wp-content\/uploads\/2016\/01\/samba-2016-A-velhinha.pdf\" target=\"_blank\" rel=\"noopener noreferrer\">Letra do nosso Samba<\/a>\u00a0(ver em PDF)<br \/>\n<\/strong><strong><a href=\"https:\/\/youtu.be\/v73gH2YUDfY\" target=\"_blank\" rel=\"noopener noreferrer\">O Nosso Samba<\/a>\u00a0(ouvir no YouTube)<\/strong><\/p>\n<hr \/>\n<p><span style=\"text-decoration: underline;\"><strong>FOTOS:<br \/>\n<\/strong><\/span><\/p>\n<p>Os Bastidores &#8211; <strong><a href=\"https:\/\/www.facebook.com\/joao.figueiredo.73\/media_set?set=a.10208241973068327.1073741837.1272777147&amp;type=3\" target=\"_blank\" rel=\"noopener noreferrer\">Jo\u00e3o Figueiredo<\/a>\u00a0<\/strong>(necess\u00e1rio entrar no Facebook)<\/p>\n<p><span style=\"text-decoration: underline;\"><em><strong>09\/02\/2016<\/strong><\/em><\/span><br \/>\nSFRUA\/Lu\u00eds Nobre:<strong><a href=\"https:\/\/photos.app.goo.gl\/RdUkbY2MMN5JCWUj6\" target=\"_blank\" rel=\"noopener noreferrer\">Desfile<\/a><\/strong>\u00a0&#8211;\u00a0 <strong><a href=\"https:\/\/photos.app.goo.gl\/UM2qeThhkvqUWs3r8\" target=\"_blank\" rel=\"noopener noreferrer\">Pavilh\u00e3o<\/a> <\/strong><br \/>\nOutras colabora\u00e7\u00f5es: <strong><a href=\"https:\/\/www.facebook.com\/claudia.paiva.5895\/media_set?set=a.1072116226153572.1073741858.100000656145968&amp;type=3\" target=\"_blank\" rel=\"noopener noreferrer\">Cl\u00e1udia Paiva<\/a>\u00a0&#8211; <a href=\"https:\/\/www.facebook.com\/media\/set\/?set=a.925658820863610.1073741877.475016215927875\" target=\"_blank\" rel=\"noopener noreferrer\">Nelson Favas<\/a><\/strong><\/p>\n<p><strong><span style=\"text-decoration: underline;\"><em>07\/02\/2016<br \/>\n<\/em><\/span><\/strong>SFRUA\/Lu\u00eds Nobre:<strong>\u00a0<a href=\"https:\/\/photos.app.goo.gl\/sjerMa6tAaT5pAxK9\" target=\"_blank\" rel=\"noopener noreferrer\">1\u00aa Parte<\/a><\/strong>(pavilh\u00e3o)<strong> &#8211; <a href=\"https:\/\/photos.app.goo.gl\/wLBNEucvSPQY9qAPA\" target=\"_blank\" rel=\"noopener noreferrer\">2\u00aa Parte<\/a>\u00a0<\/strong>(sa\u00edda)<strong> &#8211; <a href=\"https:\/\/photos.app.goo.gl\/p7gna2GZckYp3KmD9\" target=\"_blank\" rel=\"noopener noreferrer\">3\u00aa Parte<\/a><\/strong>(desfile)<strong><br \/>\n<\/strong>Outras colabora\u00e7\u00f5es: <strong><a href=\"https:\/\/youtu.be\/lLev7SWYLP4\" target=\"_blank\" rel=\"noopener noreferrer\">Jos\u00e9 Estiveira<\/a>\u00a0&#8211; <a href=\"https:\/\/www.facebook.com\/ana.mina.9\/media_set?set=a.10201208254484060.1073741849.1701838806&amp;type=3&amp;pnref=story\" target=\"_blank\" rel=\"noopener noreferrer\">Ana Mina<\/a>\u00a0&#8211; <a href=\"https:\/\/photos.app.goo.gl\/BUSMPbK1yKZS2hH16\" target=\"_blank\" rel=\"noopener noreferrer\">Hugo Horta<\/a><\/strong><\/p>\n<p><strong><span style=\"text-decoration: underline;\"><em>06\/02\/2016<br \/>\n<\/em><\/span>F\u00f3rum Montijo <\/strong>(Colabora\u00e7\u00f5es)<strong> &#8211;\u00a0<a href=\"https:\/\/photos.app.goo.gl\/aKtMdvbwbB2xEFnV6\" target=\"_blank\" rel=\"noopener noreferrer\">Alexandre Lopes<\/a> &#8211; <a href=\"https:\/\/photos.app.goo.gl\/WzzWtbffMAf62erdA\" target=\"_blank\" rel=\"noopener noreferrer\">Hugo Horta<\/a><\/strong><\/p>\n<p><strong><span style=\"text-decoration: underline;\"><em>05\/02\/2016<\/em><\/span><br \/>\nPassistas no F\u00f3rum Montijo <\/strong>(Colabora\u00e7\u00e3o)<strong> &#8211; <a href=\"https:\/\/photos.app.goo.gl\/wtRKCYMK7Sd7hWB47\" target=\"_blank\" rel=\"noopener noreferrer\">Paula Lopes<\/a><\/strong><\/p>\n<p><strong><span style=\"text-decoration: underline;\"><em>31\/01\/2016<\/em><\/span><br \/>\nEnsaio Geral<\/strong>(Colabora\u00e7\u00e3o) &#8211;<strong> <a href=\"https:\/\/photos.app.goo.gl\/vG8pYtVKM4NvD52J9\" target=\"_blank\" rel=\"noopener noreferrer\">Paula Lopes<\/a><\/strong><\/p>\n<p><span style=\"text-decoration: underline;\"><strong>V\u00cdDEOS:<\/strong><\/span><br \/>\n<strong><span style=\"text-decoration: underline;\"><em>07\/02\/2016<\/em><\/span> <a href=\"https:\/\/youtu.be\/ED9xg7yr-Qs\" target=\"_blank\" rel=\"noopener noreferrer\">AlhosVedrosTV<\/a><\/strong><\/p>\n<p>Os nossos agradecimentos a todos pela colabora\u00e7\u00e3o.<\/p>\n<hr \/>\n<p>Informa\u00e7\u00e3o \u00fatil at\u00e9 ao dia 31\/01:<\/p>\n<ul>\n<li>As <strong>inscri\u00e7\u00f5es<\/strong> est\u00e3o abertas todos os dias entre as 21:00h e as 23:00h na Sec\u00e7\u00e3o de Carnaval da SFRUA.<\/li>\n<li>Os\u00a0<strong>ensaios<\/strong> s\u00e3o aos fins de semana (exceto no dia 23) a partir das 21:00h. &#8211; O ensaio geral \u00e9 no dia 31 \u00e0s 15:00h<\/li>\n<\/ul>\n","protected":false},"excerpt":{"rendered":"<p>O Corso Carnavalesco de Alhos Vedros saiu \u00e0 rua nos dias 7 e 9 de fevereiro, \u00e0s 15:00h, com o tema \u201cA Velhinha \u00e9 invadida pelas Quatro Esta\u00e7\u00f5es do Ano\u201d. Este corso de carnaval foi, uma vez mais, promovido pela Sociedade Filarm\u00f3nica Recreio e Uni\u00e3o Alhosvedrense \u201cA Velhinha\u201d, com o apoio de algumas institui\u00e7\u00f5es e [&hellip;]<\/p>\n","protected":false},"author":1,"featured_media":11022,"comment_status":"closed","ping_status":"closed","sticky":false,"template":"","format":"standard","meta":{"footnotes":""},"categories":[19,24,39],"tags":[127],"class_list":["post-4610","post","type-post","status-publish","format-standard","has-post-thumbnail","hentry","category-carnaval","category-fotos","category-videos","tag-carnaval-2016"],"views":514,"_links":{"self":[{"href":"https:\/\/www.sfrua.pt\/index.php?rest_route=\/wp\/v2\/posts\/4610","targetHints":{"allow":["GET"]}}],"collection":[{"href":"https:\/\/www.sfrua.pt\/index.php?rest_route=\/wp\/v2\/posts"}],"about":[{"href":"https:\/\/www.sfrua.pt\/index.php?rest_route=\/wp\/v2\/types\/post"}],"author":[{"embeddable":true,"href":"https:\/\/www.sfrua.pt\/index.php?rest_route=\/wp\/v2\/users\/1"}],"replies":[{"embeddable":true,"href":"https:\/\/www.sfrua.pt\/index.php?rest_route=%2Fwp%2Fv2%2Fcomments&post=4610"}],"version-history":[{"count":1,"href":"https:\/\/www.sfrua.pt\/index.php?rest_route=\/wp\/v2\/posts\/4610\/revisions"}],"predecessor-version":[{"id":11023,"href":"https:\/\/www.sfrua.pt\/index.php?rest_route=\/wp\/v2\/posts\/4610\/revisions\/11023"}],"wp:featuredmedia":[{"embeddable":true,"href":"https:\/\/www.sfrua.pt\/index.php?rest_route=\/wp\/v2\/media\/11022"}],"wp:attachment":[{"href":"https:\/\/www.sfrua.pt\/index.php?rest_route=%2Fwp%2Fv2%2Fmedia&parent=4610"}],"wp:term":[{"taxonomy":"category","embeddable":true,"href":"https:\/\/www.sfrua.pt\/index.php?rest_route=%2Fwp%2Fv2%2Fcategories&post=4610"},{"taxonomy":"post_tag","embeddable":true,"href":"https:\/\/www.sfrua.pt\/index.php?rest_route=%2Fwp%2Fv2%2Ftags&post=4610"}],"curies":[{"name":"wp","href":"https:\/\/api.w.org\/{rel}","templated":true}]}}