{"id":4747,"date":"2016-02-02T12:10:23","date_gmt":"2016-02-02T11:10:23","guid":{"rendered":"http:\/\/sfrua.pt\/?p=4747"},"modified":"2026-04-07T16:42:40","modified_gmt":"2026-04-07T16:42:40","slug":"carnaval-2016-ensaio-geral","status":"publish","type":"post","link":"https:\/\/www.sfrua.pt\/?p=4747","title":{"rendered":"Carnaval 2016 &#8211; Ensaio Geral"},"content":{"rendered":"<p><a href=\"https:\/\/photos.app.goo.gl\/vG8pYtVKM4NvD52J9\" target=\"_blank\" rel=\"noopener\"><img loading=\"lazy\" decoding=\"async\" class=\"alignnone wp-image-4750 size-full\" src=\"http:\/\/sfrua.pt\/wp-content\/uploads\/2016\/02\/2016.01.31ensaio-03.jpg\" alt=\"2016.01.31ensaio-03\" width=\"1920\" height=\"1440\" \/><\/a><\/p>\n<p>No passado domingo, 31 de janeiro decorreu na Pra\u00e7a da Republica, junto \u00e0 sede da SFRUA o ensaio geral para o corso carnavalesco 2016.<br \/>\n<a href=\"https:\/\/photos.app.goo.gl\/vG8pYtVKM4NvD52J9\" target=\"_blank\" rel=\"noopener\">CLICAR AQUI PARA VER MAIS FOTOS<\/a><br \/>\n(Colabora\u00e7\u00e3o de: Paula Lopes)<\/p>\n","protected":false},"excerpt":{"rendered":"<p>No passado domingo, 31 de janeiro decorreu na Pra\u00e7a da Republica, junto \u00e0 sede da SFRUA o ensaio geral para o corso carnavalesco 2016. CLICAR AQUI PARA VER MAIS FOTOS (Colabora\u00e7\u00e3o de: Paula Lopes)<\/p>\n","protected":false},"author":1,"featured_media":11126,"comment_status":"closed","ping_status":"closed","sticky":false,"template":"","format":"standard","meta":{"footnotes":""},"categories":[19,24,32,36],"tags":[127],"class_list":["post-4747","post","type-post","status-publish","format-standard","has-post-thumbnail","hentry","category-carnaval","category-fotos","category-passistas","category-noticias","tag-carnaval-2016"],"views":492,"_links":{"self":[{"href":"https:\/\/www.sfrua.pt\/index.php?rest_route=\/wp\/v2\/posts\/4747","targetHints":{"allow":["GET"]}}],"collection":[{"href":"https:\/\/www.sfrua.pt\/index.php?rest_route=\/wp\/v2\/posts"}],"about":[{"href":"https:\/\/www.sfrua.pt\/index.php?rest_route=\/wp\/v2\/types\/post"}],"author":[{"embeddable":true,"href":"https:\/\/www.sfrua.pt\/index.php?rest_route=\/wp\/v2\/users\/1"}],"replies":[{"embeddable":true,"href":"https:\/\/www.sfrua.pt\/index.php?rest_route=%2Fwp%2Fv2%2Fcomments&post=4747"}],"version-history":[{"count":1,"href":"https:\/\/www.sfrua.pt\/index.php?rest_route=\/wp\/v2\/posts\/4747\/revisions"}],"predecessor-version":[{"id":11127,"href":"https:\/\/www.sfrua.pt\/index.php?rest_route=\/wp\/v2\/posts\/4747\/revisions\/11127"}],"wp:featuredmedia":[{"embeddable":true,"href":"https:\/\/www.sfrua.pt\/index.php?rest_route=\/wp\/v2\/media\/11126"}],"wp:attachment":[{"href":"https:\/\/www.sfrua.pt\/index.php?rest_route=%2Fwp%2Fv2%2Fmedia&parent=4747"}],"wp:term":[{"taxonomy":"category","embeddable":true,"href":"https:\/\/www.sfrua.pt\/index.php?rest_route=%2Fwp%2Fv2%2Fcategories&post=4747"},{"taxonomy":"post_tag","embeddable":true,"href":"https:\/\/www.sfrua.pt\/index.php?rest_route=%2Fwp%2Fv2%2Ftags&post=4747"}],"curies":[{"name":"wp","href":"https:\/\/api.w.org\/{rel}","templated":true}]}}