{"id":485,"date":"2011-03-04T13:11:04","date_gmt":"2011-03-04T13:11:04","guid":{"rendered":"http:\/\/www.sfrua.alhosvedros.net\/?p=485"},"modified":"2026-04-10T17:35:25","modified_gmt":"2026-04-10T17:35:25","slug":"campeonato-distrital-de-duplo-mini-trampolim","status":"publish","type":"post","link":"https:\/\/www.sfrua.pt\/?p=485","title":{"rendered":"Campeonato Distrital de Duplo Mini Trampolim (2011)"},"content":{"rendered":"<div id='gallery-1' class='gallery galleryid-485 gallery-columns-5 gallery-size-herald-lay-b1'><figure class='gallery-item'>\n\t\t\t<div class='gallery-icon landscape'>\n\t\t\t\t<a class=\"herald-popup\" href='https:\/\/www.sfrua.pt\/wp-content\/uploads\/2011\/03\/equipa_incompleta.jpg'><img loading=\"lazy\" decoding=\"async\" width=\"300\" height=\"200\" src=\"https:\/\/www.sfrua.pt\/wp-content\/uploads\/2011\/03\/equipa_incompleta-300x200.jpg\" class=\"attachment-herald-lay-b1 size-herald-lay-b1\" alt=\"\" srcset=\"https:\/\/www.sfrua.pt\/wp-content\/uploads\/2011\/03\/equipa_incompleta-300x200.jpg 300w, https:\/\/www.sfrua.pt\/wp-content\/uploads\/2011\/03\/equipa_incompleta-414x276.jpg 414w, https:\/\/www.sfrua.pt\/wp-content\/uploads\/2011\/03\/equipa_incompleta-470x313.jpg 470w, https:\/\/www.sfrua.pt\/wp-content\/uploads\/2011\/03\/equipa_incompleta-640x426.jpg 640w, https:\/\/www.sfrua.pt\/wp-content\/uploads\/2011\/03\/equipa_incompleta-130x86.jpg 130w, https:\/\/www.sfrua.pt\/wp-content\/uploads\/2011\/03\/equipa_incompleta-187x124.jpg 187w\" sizes=\"auto, (max-width: 300px) 100vw, 300px\" \/><\/a>\n\t\t\t<\/div><\/figure><figure class='gallery-item'>\n\t\t\t<div class='gallery-icon landscape'>\n\t\t\t\t<a class=\"herald-popup\" href='https:\/\/www.sfrua.pt\/wp-content\/uploads\/2011\/03\/joana-santos.jpg'><img loading=\"lazy\" decoding=\"async\" width=\"300\" height=\"200\" src=\"https:\/\/www.sfrua.pt\/wp-content\/uploads\/2011\/03\/joana-santos-300x200.jpg\" class=\"attachment-herald-lay-b1 size-herald-lay-b1\" alt=\"\" srcset=\"https:\/\/www.sfrua.pt\/wp-content\/uploads\/2011\/03\/joana-santos-300x200.jpg 300w, https:\/\/www.sfrua.pt\/wp-content\/uploads\/2011\/03\/joana-santos-990x660.jpg 990w, https:\/\/www.sfrua.pt\/wp-content\/uploads\/2011\/03\/joana-santos-414x276.jpg 414w, https:\/\/www.sfrua.pt\/wp-content\/uploads\/2011\/03\/joana-santos-470x313.jpg 470w, https:\/\/www.sfrua.pt\/wp-content\/uploads\/2011\/03\/joana-santos-640x426.jpg 640w, https:\/\/www.sfrua.pt\/wp-content\/uploads\/2011\/03\/joana-santos-130x86.jpg 130w, https:\/\/www.sfrua.pt\/wp-content\/uploads\/2011\/03\/joana-santos-187x124.jpg 187w\" sizes=\"auto, (max-width: 300px) 100vw, 300px\" \/><\/a>\n\t\t\t<\/div><\/figure><figure class='gallery-item'>\n\t\t\t<div class='gallery-icon landscape'>\n\t\t\t\t<a class=\"herald-popup\" href='https:\/\/www.sfrua.pt\/wp-content\/uploads\/2011\/03\/marisa-melissa-ann-vanessa.jpg'><img loading=\"lazy\" decoding=\"async\" width=\"300\" height=\"200\" src=\"https:\/\/www.sfrua.pt\/wp-content\/uploads\/2011\/03\/marisa-melissa-ann-vanessa-300x200.jpg\" class=\"attachment-herald-lay-b1 size-herald-lay-b1\" alt=\"\" srcset=\"https:\/\/www.sfrua.pt\/wp-content\/uploads\/2011\/03\/marisa-melissa-ann-vanessa-300x200.jpg 300w, https:\/\/www.sfrua.pt\/wp-content\/uploads\/2011\/03\/marisa-melissa-ann-vanessa-414x276.jpg 414w, https:\/\/www.sfrua.pt\/wp-content\/uploads\/2011\/03\/marisa-melissa-ann-vanessa-470x313.jpg 470w, https:\/\/www.sfrua.pt\/wp-content\/uploads\/2011\/03\/marisa-melissa-ann-vanessa-640x426.jpg 640w, https:\/\/www.sfrua.pt\/wp-content\/uploads\/2011\/03\/marisa-melissa-ann-vanessa-130x86.jpg 130w, https:\/\/www.sfrua.pt\/wp-content\/uploads\/2011\/03\/marisa-melissa-ann-vanessa-187x124.jpg 187w\" sizes=\"auto, (max-width: 300px) 100vw, 300px\" \/><\/a>\n\t\t\t<\/div><\/figure><figure class='gallery-item'>\n\t\t\t<div class='gallery-icon landscape'>\n\t\t\t\t<a class=\"herald-popup\" href='https:\/\/www.sfrua.pt\/wp-content\/uploads\/2011\/03\/marisa-oliveira-e-melissa-coelho.jpg'><img loading=\"lazy\" decoding=\"async\" width=\"300\" height=\"200\" src=\"https:\/\/www.sfrua.pt\/wp-content\/uploads\/2011\/03\/marisa-oliveira-e-melissa-coelho-300x200.jpg\" class=\"attachment-herald-lay-b1 size-herald-lay-b1\" alt=\"\" srcset=\"https:\/\/www.sfrua.pt\/wp-content\/uploads\/2011\/03\/marisa-oliveira-e-melissa-coelho-300x200.jpg 300w, https:\/\/www.sfrua.pt\/wp-content\/uploads\/2011\/03\/marisa-oliveira-e-melissa-coelho-414x276.jpg 414w, https:\/\/www.sfrua.pt\/wp-content\/uploads\/2011\/03\/marisa-oliveira-e-melissa-coelho-470x313.jpg 470w, https:\/\/www.sfrua.pt\/wp-content\/uploads\/2011\/03\/marisa-oliveira-e-melissa-coelho-640x426.jpg 640w, https:\/\/www.sfrua.pt\/wp-content\/uploads\/2011\/03\/marisa-oliveira-e-melissa-coelho-130x86.jpg 130w, https:\/\/www.sfrua.pt\/wp-content\/uploads\/2011\/03\/marisa-oliveira-e-melissa-coelho-187x124.jpg 187w\" sizes=\"auto, (max-width: 300px) 100vw, 300px\" \/><\/a>\n\t\t\t<\/div><\/figure><figure class='gallery-item'>\n\t\t\t<div class='gallery-icon landscape'>\n\t\t\t\t<a class=\"herald-popup\" href='https:\/\/www.sfrua.pt\/wp-content\/uploads\/2011\/03\/sara-monteiro.jpg'><img loading=\"lazy\" decoding=\"async\" width=\"300\" height=\"200\" src=\"https:\/\/www.sfrua.pt\/wp-content\/uploads\/2011\/03\/sara-monteiro-300x200.jpg\" class=\"attachment-herald-lay-b1 size-herald-lay-b1\" alt=\"\" srcset=\"https:\/\/www.sfrua.pt\/wp-content\/uploads\/2011\/03\/sara-monteiro-300x200.jpg 300w, https:\/\/www.sfrua.pt\/wp-content\/uploads\/2011\/03\/sara-monteiro-414x276.jpg 414w, https:\/\/www.sfrua.pt\/wp-content\/uploads\/2011\/03\/sara-monteiro-470x313.jpg 470w, https:\/\/www.sfrua.pt\/wp-content\/uploads\/2011\/03\/sara-monteiro-640x426.jpg 640w, https:\/\/www.sfrua.pt\/wp-content\/uploads\/2011\/03\/sara-monteiro-130x86.jpg 130w, https:\/\/www.sfrua.pt\/wp-content\/uploads\/2011\/03\/sara-monteiro-187x124.jpg 187w\" sizes=\"auto, (max-width: 300px) 100vw, 300px\" \/><\/a>\n\t\t\t<\/div><\/figure>\n\t\t<\/div>\n\n<p>Realizou-se no passado dia 26 de Fevereiro o Campeonato Distrital de Duplo Mini-Trampolim no pavilh\u00e3o da Escola Secund\u00e1ria de St\u00ba Ant\u00f3nio.<\/p>\n<p>De real\u00e7ar a participa\u00e7\u00e3o , no escal\u00e3o Infantil, de Joana Santos ao tornar-se vice-campe\u00e3 distrital (excelente prenda de anos, Joaninha!), no escal\u00e3o Junior Feminino Marisa Oliveira sagrou-se campe\u00e3 distrital. No escal\u00e3o Elite Junior Feminino Sara Monteiro\u00a0 classificou-se em\u00a0 1\u00ba lugar,obtendo a nota mais alta de toda a competi\u00e7\u00e3o.<\/p>\n<p>Felicitamos todos os atletas e a sua treinadora que entre os 21 ginastas da SFRUA 14 conseguiram o apuramento para a prova qualificativa, que dar\u00e1 acesso ao campeonato nacional e 3 ( Marisa, Melissa e Sara) conseguiram o apuramento directo.Parab\u00e9ns !<\/p>\n<p>Deixamos tamb\u00e9m uma palavra de incentivo e o desejo de r\u00e1pidas melhoras para o Jo\u00e3o que se encontra arecuperar de uma les\u00e3o. For\u00e7a Jo\u00e3o!! \u201cNada \u00e9 impossivel. Impossivel\u00a0 \u00e9 n\u00f3s pensarmos que o possivel \u00e9 impossivel \u2026\u201d parafraseando o teu amigo JP<\/p>\n<h2>Classifica\u00e7\u00f5es:<\/h2>\n<p><span style=\"text-decoration: underline;\"><strong>Infantis: <\/strong><\/span><br \/>\n<em>Joana Santos &#8211; 2\u00ba Lugar\u00a0 Vice-campe\u00e3 Distrital<\/em><\/p>\n<p><span style=\"text-decoration: underline;\"><strong>Iniciados Fem:<\/strong><\/span><br \/>\nJoana Lopes\u00a0 &#8211; 6\u00ba Lugar<br \/>\nCristiana Batista &#8211; 19\u00ba Lugar<br \/>\nIn\u00eas Mestre &#8211; 22\u00ba Lugar<br \/>\nIn\u00eas Sobral &#8211; 34\u00ba Lugar<br \/>\nMarta Carvoeiro &#8211; 37\u00ba Lugar<\/p>\n<p><span style=\"text-decoration: underline;\"><strong>Iniciados Masc.:<\/strong><\/span><br \/>\nJo\u00e3o Vieira &#8211; 5\u00ba Lugar<br \/>\nTiago Mina &#8211; 10\u00ba Lugar<\/p>\n<p><span style=\"text-decoration: underline;\"><strong>Juvenis Fem.:<\/strong><\/span><br \/>\nA\u00e7ucena Delgadinho &#8211; 4\u00ba Lugar<br \/>\nCarina Mina &#8211; 14\u00ba Lugar<\/p>\n<p><span style=\"text-decoration: underline;\"><strong>Juniores Fem.:<\/strong><\/span><br \/>\n<em><span style=\"text-decoration: underline; color: #ff00ff;\">Marisa Oliveira &#8211; 1\u00ba Lugar Campe\u00e3 Distrital<\/span><\/em><br \/>\n<em>Melissa Coelho &#8211; 3\u00ba Lugar<\/em><br \/>\nAnn-caterine Borrego &#8211; 7\u00ba Lugar<br \/>\nVanessa Hip\u00f3lito &#8211; 20\u00ba Lugar<br \/>\nAna Sofia Freitas &#8211; 6\u00ba Lugar<br \/>\nRita Curto &#8211; 12\u00ba Lugar<br \/>\nBeatriz Ribeiro &#8211; 22\u00ba Lugar<br \/>\n<em><span style=\"text-decoration: underline;\"><span style=\"color: #ff00ff;\">Equipa Junior \u00a0Campe\u00e3 Distrital<\/span><\/span><\/em><\/p>\n<p><span style=\"text-decoration: underline;\"><strong>Seniores Fem.:<\/strong><\/span><br \/>\nC\u00e1tia Batista &#8211; 8\u00ba Lugar<\/p>\n<p><span style=\"text-decoration: underline;\"><strong>Elite Junior Fem.:<\/strong><\/span><br \/>\n<em><span style=\"text-decoration: underline;\"><span style=\"color: #ff00ff;\">Sara Monteiro &#8211; 1\u00ba Lugar &#8211; Campe\u00e3 Distrital<\/span><\/span><\/em><\/p>\n<p><strong>\u00a0<\/strong><\/p>\n<p>&nbsp;<\/p>\n<p>&nbsp;<\/p>\n<p>&nbsp;<\/p>\n<p><strong>\u00a0<\/strong><\/p>\n","protected":false},"excerpt":{"rendered":"<p>Realizou-se no passado dia 26 de Fevereiro o Campeonato Distrital de Duplo Mini-Trampolim no pavilh\u00e3o da Escola Secund\u00e1ria de St\u00ba Ant\u00f3nio. De real\u00e7ar a participa\u00e7\u00e3o , no escal\u00e3o Infantil, de Joana Santos ao tornar-se vice-campe\u00e3 distrital (excelente prenda de anos, Joaninha!), no escal\u00e3o Junior Feminino Marisa Oliveira sagrou-se campe\u00e3 distrital. No escal\u00e3o Elite Junior Feminino [&hellip;]<\/p>\n","protected":false},"author":1,"featured_media":11679,"comment_status":"closed","ping_status":"closed","sticky":false,"template":"","format":"standard","meta":{"footnotes":""},"categories":[26,38],"tags":[95,141,275],"class_list":["post-485","post","type-post","status-publish","format-standard","has-post-thumbnail","hentry","category-ginastica","category-trampolins","tag-campeonatos-distritais","tag-dmt","tag-trampolins"],"views":431,"_links":{"self":[{"href":"https:\/\/www.sfrua.pt\/index.php?rest_route=\/wp\/v2\/posts\/485","targetHints":{"allow":["GET"]}}],"collection":[{"href":"https:\/\/www.sfrua.pt\/index.php?rest_route=\/wp\/v2\/posts"}],"about":[{"href":"https:\/\/www.sfrua.pt\/index.php?rest_route=\/wp\/v2\/types\/post"}],"author":[{"embeddable":true,"href":"https:\/\/www.sfrua.pt\/index.php?rest_route=\/wp\/v2\/users\/1"}],"replies":[{"embeddable":true,"href":"https:\/\/www.sfrua.pt\/index.php?rest_route=%2Fwp%2Fv2%2Fcomments&post=485"}],"version-history":[{"count":2,"href":"https:\/\/www.sfrua.pt\/index.php?rest_route=\/wp\/v2\/posts\/485\/revisions"}],"predecessor-version":[{"id":11685,"href":"https:\/\/www.sfrua.pt\/index.php?rest_route=\/wp\/v2\/posts\/485\/revisions\/11685"}],"wp:featuredmedia":[{"embeddable":true,"href":"https:\/\/www.sfrua.pt\/index.php?rest_route=\/wp\/v2\/media\/11679"}],"wp:attachment":[{"href":"https:\/\/www.sfrua.pt\/index.php?rest_route=%2Fwp%2Fv2%2Fmedia&parent=485"}],"wp:term":[{"taxonomy":"category","embeddable":true,"href":"https:\/\/www.sfrua.pt\/index.php?rest_route=%2Fwp%2Fv2%2Fcategories&post=485"},{"taxonomy":"post_tag","embeddable":true,"href":"https:\/\/www.sfrua.pt\/index.php?rest_route=%2Fwp%2Fv2%2Ftags&post=485"}],"curies":[{"name":"wp","href":"https:\/\/api.w.org\/{rel}","templated":true}]}}