{"id":4857,"date":"2016-02-02T18:36:18","date_gmt":"2016-02-02T17:36:18","guid":{"rendered":"http:\/\/sfrua.pt\/?p=4857"},"modified":"2026-04-07T13:57:30","modified_gmt":"2026-04-07T13:57:30","slug":"agenda-bateria-de-samba","status":"publish","type":"post","link":"https:\/\/www.sfrua.pt\/?p=4857","title":{"rendered":"Agenda: Bateria de Samba (2016)"},"content":{"rendered":"<div id=\"js_12\" class=\"_5pbx userContent\" data-ft=\"{&quot;tn&quot;:&quot;K&quot;}\">\n<p><a href=\"http:\/\/sfrua.pt\/wp-content\/uploads\/2016\/02\/DSC_0075.jpg\" rel=\"attachment wp-att-4858\"><img loading=\"lazy\" decoding=\"async\" class=\"alignnone wp-image-4858\" src=\"http:\/\/sfrua.pt\/wp-content\/uploads\/2016\/02\/DSC_0075.jpg\" alt=\"DSC_0075\" width=\"1220\" height=\"737\" \/><\/a><br \/>\nO Carnaval est\u00e1 a\u00ed e a nossa Bateria de Samba vai estar sempre em ac\u00e7\u00e3o!\u00a0Para todos aqueles que quiserem assistir aqui fica a nossa agenda:<\/p>\n<p>S\u00c1BADO <strong>DIA 6<\/strong> DE FEVEREIRO<br \/>\n15:00 &#8211; F\u00f3rum Montijo<br \/>\n22:30 &#8211; Caf\u00e9 S\u00e3o-Lourenco em\u00a0Alhos Vedros<br \/>\n02.15 &#8211; Discoteca Beat &#8211;\u00a0Barreiro<\/p>\n<p>DOMINGO <strong>DIA 7<\/strong> DE FEVEREIRO<br \/>\n15:00 &#8211; Corso de Carnaval de Alhos Vedros<\/p>\n<p>SEGUNDA FEIRA <strong>DIA 8<\/strong> DE FEVEREIRO<br \/>\n24:00 &#8211; Discoteca Kleopetra &#8211; Alhos Vedros<\/p>\n<p>TER\u00c7A FEIRA <strong>DIA 9<\/strong> DE FEVEREIRO<br \/>\n15:00 &#8211; Corso de Carnaval de Alhos Vedros<\/p>\n<p>Contactos para espet\u00e1culos: 967118610<\/p>\n<p><a href=\"https:\/\/www.youtube.com\/playlist?list=PL3FD72AE975D58C20\" target=\"_blank\" rel=\"noopener\">PlayList no Youtube<\/a><\/p>\n<\/div>\n<div class=\"_3x-2\">\n<div data-ft=\"{&quot;tn&quot;:&quot;H&quot;}\">\n<div class=\"mtm\">\n<div id=\"u_jsonp_3_6\" class=\"_6m2 _1zpr clearfix _dcs _4_w4 _5cwb\" data-ft=\"{&quot;tn&quot;:&quot;H&quot;}\">\n<div class=\"clearfix _2r3x\">\n<div class=\"_42ef\">\n<div class=\"_3ekx\">\n<div class=\"_6m3\">\n<div class=\"_6m7\">(Colabora\u00e7\u00e3o de: Rui Vieira)<\/div>\n<div class=\"_59tj\"><\/div>\n<\/div>\n<\/div>\n<\/div>\n<\/div>\n<\/div>\n<\/div>\n<\/div>\n<\/div>\n","protected":false},"excerpt":{"rendered":"<p>O Carnaval est\u00e1 a\u00ed e a nossa Bateria de Samba vai estar sempre em ac\u00e7\u00e3o!\u00a0Para todos aqueles que quiserem assistir aqui fica a nossa agenda: S\u00c1BADO DIA 6 DE FEVEREIRO 15:00 &#8211; F\u00f3rum Montijo 22:30 &#8211; Caf\u00e9 S\u00e3o-Lourenco em\u00a0Alhos Vedros 02.15 &#8211; Discoteca Beat &#8211;\u00a0Barreiro DOMINGO DIA 7 DE FEVEREIRO 15:00 &#8211; Corso de Carnaval [&hellip;]<\/p>\n","protected":false},"author":1,"featured_media":10985,"comment_status":"closed","ping_status":"closed","sticky":false,"template":"","format":"standard","meta":{"footnotes":""},"categories":[44,19],"tags":[82,86],"class_list":["post-4857","post","type-post","status-publish","format-standard","has-post-thumbnail","hentry","category-bateria-samba","category-carnaval","tag-bateria-samba","tag-bateriasamba-201516"],"views":498,"_links":{"self":[{"href":"https:\/\/www.sfrua.pt\/index.php?rest_route=\/wp\/v2\/posts\/4857","targetHints":{"allow":["GET"]}}],"collection":[{"href":"https:\/\/www.sfrua.pt\/index.php?rest_route=\/wp\/v2\/posts"}],"about":[{"href":"https:\/\/www.sfrua.pt\/index.php?rest_route=\/wp\/v2\/types\/post"}],"author":[{"embeddable":true,"href":"https:\/\/www.sfrua.pt\/index.php?rest_route=\/wp\/v2\/users\/1"}],"replies":[{"embeddable":true,"href":"https:\/\/www.sfrua.pt\/index.php?rest_route=%2Fwp%2Fv2%2Fcomments&post=4857"}],"version-history":[{"count":1,"href":"https:\/\/www.sfrua.pt\/index.php?rest_route=\/wp\/v2\/posts\/4857\/revisions"}],"predecessor-version":[{"id":10986,"href":"https:\/\/www.sfrua.pt\/index.php?rest_route=\/wp\/v2\/posts\/4857\/revisions\/10986"}],"wp:featuredmedia":[{"embeddable":true,"href":"https:\/\/www.sfrua.pt\/index.php?rest_route=\/wp\/v2\/media\/10985"}],"wp:attachment":[{"href":"https:\/\/www.sfrua.pt\/index.php?rest_route=%2Fwp%2Fv2%2Fmedia&parent=4857"}],"wp:term":[{"taxonomy":"category","embeddable":true,"href":"https:\/\/www.sfrua.pt\/index.php?rest_route=%2Fwp%2Fv2%2Fcategories&post=4857"},{"taxonomy":"post_tag","embeddable":true,"href":"https:\/\/www.sfrua.pt\/index.php?rest_route=%2Fwp%2Fv2%2Ftags&post=4857"}],"curies":[{"name":"wp","href":"https:\/\/api.w.org\/{rel}","templated":true}]}}