{"id":5301,"date":"2016-12-08T02:02:38","date_gmt":"2016-12-08T01:02:38","guid":{"rendered":"http:\/\/sfrua.pt\/?p=5301"},"modified":"2016-12-08T02:02:38","modified_gmt":"2016-12-08T01:02:38","slug":"patinagem-torneio-de-alfarim","status":"publish","type":"post","link":"https:\/\/www.sfrua.pt\/?p=5301","title":{"rendered":"Patinagem: Torneio de Alfarim"},"content":{"rendered":"<div dir=\"auto\">\n<div dir=\"auto\"><a href=\"http:\/\/sfrua.pt\/wp-content\/uploads\/2016\/12\/FB_IMG_1480936198211.jpg\"><img loading=\"lazy\" decoding=\"async\" class=\"alignnone size-full wp-image-5302\" src=\"http:\/\/sfrua.pt\/wp-content\/uploads\/2016\/12\/FB_IMG_1480936198211.jpg\" alt=\"fb_img_1480936198211\" width=\"1368\" height=\"2048\" \/><\/a> <a href=\"http:\/\/sfrua.pt\/wp-content\/uploads\/2016\/12\/FB_IMG_1481062572101.jpg\"><img loading=\"lazy\" decoding=\"async\" class=\"alignnone size-full wp-image-5303\" src=\"http:\/\/sfrua.pt\/wp-content\/uploads\/2016\/12\/FB_IMG_1481062572101.jpg\" alt=\"fb_img_1481062572101\" width=\"1280\" height=\"960\" \/><\/a>O \u00faltimo torneio desta \u00e9poca da nossa associa\u00e7\u00e3o, aconteceu nos dias 26 e 27 de Novembro em Alfarim. As nossas atletas classificaram-se nos seguintes lugares:<\/div>\n<div dir=\"auto\">Estreantes grupo I (em 51 atletas):<\/div>\n<div dir=\"auto\">17\u00ba Madalena Veloso, 41\u00ba Ana Rita Caeiro, 46\u00ba \u00c9rica Alves, 48\u00ba Clara Fernandes.<\/div>\n<div dir=\"auto\">Estreantes grupo II (em 33 atletas): 22\u00ba In\u00eas Costa.<\/div>\n<div dir=\"auto\">Estreantes grupo III (em 39 atletas): 31\u00ba \u00c2ngela Carrilho<\/div>\n<div dir=\"auto\">Aprendiz grupo I (39 atletas):<\/div>\n<div dir=\"auto\">18\u00ba Catarina Oliveira, 20\u00ba Mariana Veloso, 24\u00ba Ionara Dias<\/div>\n<div dir=\"auto\">Esperan\u00e7as (em 16 atletas):<\/div>\n<div dir=\"auto\">1\u00ba Ana Teresa Canas, 11\u00ba Sara Neto<\/div>\n<div dir=\"auto\"><\/div>\n<div dir=\"auto\">Parab\u00e9ns a todas!<\/div>\n<\/div>\n","protected":false},"excerpt":{"rendered":"<p>O \u00faltimo torneio desta \u00e9poca da nossa associa\u00e7\u00e3o, aconteceu nos dias 26 e 27 de Novembro em Alfarim. As nossas atletas classificaram-se nos seguintes lugares: Estreantes grupo I (em 51 atletas): 17\u00ba Madalena Veloso, 41\u00ba Ana Rita Caeiro, 46\u00ba \u00c9rica Alves, 48\u00ba Clara Fernandes. Estreantes grupo II (em 33 atletas): 22\u00ba In\u00eas Costa. Estreantes grupo [&hellip;]<\/p>\n","protected":false},"author":1,"featured_media":5303,"comment_status":"closed","ping_status":"closed","sticky":false,"template":"","format":"standard","meta":{"footnotes":""},"categories":[33],"tags":[229],"class_list":["post-5301","post","type-post","status-publish","format-standard","has-post-thumbnail","hentry","category-patinagem","tag-patinagem-201617"],"views":418,"_links":{"self":[{"href":"https:\/\/www.sfrua.pt\/index.php?rest_route=\/wp\/v2\/posts\/5301","targetHints":{"allow":["GET"]}}],"collection":[{"href":"https:\/\/www.sfrua.pt\/index.php?rest_route=\/wp\/v2\/posts"}],"about":[{"href":"https:\/\/www.sfrua.pt\/index.php?rest_route=\/wp\/v2\/types\/post"}],"author":[{"embeddable":true,"href":"https:\/\/www.sfrua.pt\/index.php?rest_route=\/wp\/v2\/users\/1"}],"replies":[{"embeddable":true,"href":"https:\/\/www.sfrua.pt\/index.php?rest_route=%2Fwp%2Fv2%2Fcomments&post=5301"}],"version-history":[{"count":0,"href":"https:\/\/www.sfrua.pt\/index.php?rest_route=\/wp\/v2\/posts\/5301\/revisions"}],"wp:featuredmedia":[{"embeddable":true,"href":"https:\/\/www.sfrua.pt\/index.php?rest_route=\/"}],"wp:attachment":[{"href":"https:\/\/www.sfrua.pt\/index.php?rest_route=%2Fwp%2Fv2%2Fmedia&parent=5301"}],"wp:term":[{"taxonomy":"category","embeddable":true,"href":"https:\/\/www.sfrua.pt\/index.php?rest_route=%2Fwp%2Fv2%2Fcategories&post=5301"},{"taxonomy":"post_tag","embeddable":true,"href":"https:\/\/www.sfrua.pt\/index.php?rest_route=%2Fwp%2Fv2%2Ftags&post=5301"}],"curies":[{"name":"wp","href":"https:\/\/api.w.org\/{rel}","templated":true}]}}