{"id":5768,"date":"2017-05-08T22:31:36","date_gmt":"2017-05-08T21:31:36","guid":{"rendered":"http:\/\/sfrua.pt\/?p=5768"},"modified":"2026-04-08T14:53:42","modified_gmt":"2026-04-08T14:53:42","slug":"fotos-passistas-da-sfrua-na-casa-da-cultura-do-barreiro","status":"publish","type":"post","link":"https:\/\/www.sfrua.pt\/?p=5768","title":{"rendered":"Fotos: Passistas da SFRUA na Casa da Cultura do Barreiro"},"content":{"rendered":"<p><a href=\"https:\/\/goo.gl\/photos\/tstLYbwbbYtGk8eY8\" target=\"_blank\" rel=\"noopener noreferrer\"><img loading=\"lazy\" decoding=\"async\" class=\"alignnone wp-image-5769 size-large\" src=\"http:\/\/sfrua.pt\/wp-content\/uploads\/2017\/05\/DSC_0211-1024x683.jpg\" alt=\"\" width=\"1024\" height=\"683\" \/><\/a><\/p>\n<p>O Dia Mundial da Dan\u00e7a assinalou-se no passado dia 05 de maio, num espet\u00e1culo realizado na Casa da Cultura do Barreiro, onde marcaram presen\u00e7a entre muitos outros convidados, as Passistas da S.F.R.U.A.<\/p>\n<p><a href=\"https:\/\/goo.gl\/photos\/tstLYbwbbYtGk8eY8\" target=\"_blank\" rel=\"noopener noreferrer\">CLICAR PARA VER MAIS FOTOS<\/a><br \/>\n(Colabora\u00e7\u00e3o de: Ana Contente)<\/p>\n","protected":false},"excerpt":{"rendered":"<p>O Dia Mundial da Dan\u00e7a assinalou-se no passado dia 05 de maio, num espet\u00e1culo realizado na Casa da Cultura do Barreiro, onde marcaram presen\u00e7a entre muitos outros convidados, as Passistas da S.F.R.U.A. CLICAR PARA VER MAIS FOTOS (Colabora\u00e7\u00e3o de: Ana Contente)<\/p>\n","protected":false},"author":1,"featured_media":11264,"comment_status":"closed","ping_status":"closed","sticky":false,"template":"","format":"standard","meta":{"footnotes":""},"categories":[24,32],"tags":[220],"class_list":["post-5768","post","type-post","status-publish","format-standard","has-post-thumbnail","hentry","category-fotos","category-passistas","tag-passistas"],"views":440,"_links":{"self":[{"href":"https:\/\/www.sfrua.pt\/index.php?rest_route=\/wp\/v2\/posts\/5768","targetHints":{"allow":["GET"]}}],"collection":[{"href":"https:\/\/www.sfrua.pt\/index.php?rest_route=\/wp\/v2\/posts"}],"about":[{"href":"https:\/\/www.sfrua.pt\/index.php?rest_route=\/wp\/v2\/types\/post"}],"author":[{"embeddable":true,"href":"https:\/\/www.sfrua.pt\/index.php?rest_route=\/wp\/v2\/users\/1"}],"replies":[{"embeddable":true,"href":"https:\/\/www.sfrua.pt\/index.php?rest_route=%2Fwp%2Fv2%2Fcomments&post=5768"}],"version-history":[{"count":1,"href":"https:\/\/www.sfrua.pt\/index.php?rest_route=\/wp\/v2\/posts\/5768\/revisions"}],"predecessor-version":[{"id":11265,"href":"https:\/\/www.sfrua.pt\/index.php?rest_route=\/wp\/v2\/posts\/5768\/revisions\/11265"}],"wp:featuredmedia":[{"embeddable":true,"href":"https:\/\/www.sfrua.pt\/index.php?rest_route=\/wp\/v2\/media\/11264"}],"wp:attachment":[{"href":"https:\/\/www.sfrua.pt\/index.php?rest_route=%2Fwp%2Fv2%2Fmedia&parent=5768"}],"wp:term":[{"taxonomy":"category","embeddable":true,"href":"https:\/\/www.sfrua.pt\/index.php?rest_route=%2Fwp%2Fv2%2Fcategories&post=5768"},{"taxonomy":"post_tag","embeddable":true,"href":"https:\/\/www.sfrua.pt\/index.php?rest_route=%2Fwp%2Fv2%2Ftags&post=5768"}],"curies":[{"name":"wp","href":"https:\/\/api.w.org\/{rel}","templated":true}]}}