{"id":6068,"date":"2017-12-03T23:05:43","date_gmt":"2017-12-03T22:05:43","guid":{"rendered":"http:\/\/sfrua.pt\/?p=6068"},"modified":"2026-04-08T22:30:52","modified_gmt":"2026-04-08T22:30:52","slug":"sfrua-na-11a-edicao-da-festa-do-desporto","status":"publish","type":"post","link":"https:\/\/www.sfrua.pt\/?p=6068","title":{"rendered":"SFRUA na 11\u00aa Edi\u00e7\u00e3o da Festa do Desporto"},"content":{"rendered":"<div><span style=\"color: #000000;\">&#8220;Decorreu no passado s\u00e1bado, dia 25 de novembro, no Pavilh\u00e3o Municipal Lu\u00eds de Carvalho, a 11\u00aa Edi\u00e7\u00e3o da Festa do Desporto.<\/span><\/div>\n<div><span style=\"color: #000000;\">A Festa do Desporto homenageia, atrav\u00e9s da atribui\u00e7\u00e3o de Medalhas de M\u00e9rito, equipas\/atletas\/treinadores do concelho do Barreiro<span style=\"font-family: Arial, Helvetica, sans-serif;\">, que tenham sido classificados at\u00e9 ao terceiro lugar em Competi\u00e7\u00f5es Nacionais, disputem Provas Internacionais, nomeadamente Campeonatos do Mundo, Competi\u00e7\u00f5es Europeias e Jogos Ol\u00edmpicos, ou tenham sido reconhecidos\u00a0nacional ou internacionalmente pelas entidades que tutelam a respectiva\u00a0modalidade.<\/span><\/span><\/div>\n<div><span style=\"color: #000000; font-family: Arial, Helvetica, sans-serif;\">A SFRUA esteve representada pela <strong>Treinadora Rita Reis<\/strong> e pela <strong>Atleta In\u00eas Reis<\/strong>, da modalidade Gin\u00e1stica de Trampolins.<\/span><\/div>\n<div><span style=\"color: #000000; font-family: Arial, Helvetica, sans-serif;\">\u00a0<\/span><\/div>\n<div>\n<p><span style=\"color: #000000; font-family: Arial, Helvetica, sans-serif;\"><span style=\"color: #000000; font-family: Arial, Helvetica, sans-serif;\">Parab\u00e9ns Rita e In\u00eas! Parab\u00e9ns SFRUA!<\/span><\/span><\/p>\n<hr \/>\n<\/div>\n<div><span style=\"color: #000000;\">\u00a0<\/span><\/div>\n<div><span style=\"color: #000000;\">GIN\u00c1STICA DE TRAMPOLINS<\/span><\/div>\n<div><span style=\"color: #000000;\">Treinadora<\/span><\/div>\n<div><span style=\"color: #000000;\">Sociedade Filarm\u00f3nica Recreio e Uni\u00e3o Alhosvedrense<\/span><\/div>\n<div><span style=\"color: #000000;\">Campeonato Nacional de Duplo Mini Trampolim e Trampolim Individual, Infantis \u2013 Campe\u00e3 Nacional<\/span><\/div>\n<div><span style=\"color: #000000;\">Campeonato Nacional de Trampolim Individual Base \u2013 3\u00aa Classificada<\/span><\/div>\n<div><strong><span style=\"color: #000000;\">Rita Reis<\/span><\/strong><\/div>\n<div><span style=\"color: #000000;\">\u00a0<\/span><\/div>\n<div><span style=\"color: #000000;\">GIN\u00c1STICA DE TRAMPOLINS<\/span><\/div>\n<div><span style=\"color: #000000;\">Atleta<\/span><\/div>\n<div><span style=\"color: #000000;\">Sociedade Filarm\u00f3nica Recreio e Uni\u00e3o Alhosvedrense<\/span><\/div>\n<div><span style=\"color: #000000;\">Campeonato Nacional de Duplo Mini Trampolim e Trampolim Individual, Infantis \u2013 Campe\u00e3 Nacional<br \/>\n<strong>In\u00eas Reis<\/strong><\/span><\/div>\n<div><\/div>\n<div><a href=\"http:\/\/sfrua.pt\/wp-content\/uploads\/2017\/12\/Ines_Reis.jpg\"><img loading=\"lazy\" decoding=\"async\" class=\"alignnone wp-image-6069\" src=\"http:\/\/sfrua.pt\/wp-content\/uploads\/2017\/12\/Ines_Reis-300x200.jpg\" alt=\"\" width=\"380\" height=\"254\" \/><\/a> <a href=\"http:\/\/sfrua.pt\/wp-content\/uploads\/2017\/12\/Rita_Reis.jpg\"><img loading=\"lazy\" decoding=\"async\" class=\"alignnone wp-image-6070\" src=\"http:\/\/sfrua.pt\/wp-content\/uploads\/2017\/12\/Rita_Reis-300x200.jpg\" alt=\"\" width=\"380\" height=\"254\" \/><\/a> <a href=\"http:\/\/sfrua.pt\/wp-content\/uploads\/2017\/12\/Festa_do_Desporto_2017-324_1_1024_2500.jpg\"><img loading=\"lazy\" decoding=\"async\" class=\"size-full wp-image-6071 aligncenter\" src=\"http:\/\/sfrua.pt\/wp-content\/uploads\/2017\/12\/Festa_do_Desporto_2017-324_1_1024_2500.jpg\" alt=\"\" width=\"1024\" height=\"683\" \/><\/a><\/div>\n","protected":false},"excerpt":{"rendered":"<p>&#8220;Decorreu no passado s\u00e1bado, dia 25 de novembro, no Pavilh\u00e3o Municipal Lu\u00eds de Carvalho, a 11\u00aa Edi\u00e7\u00e3o da Festa do Desporto. A Festa do Desporto homenageia, atrav\u00e9s da atribui\u00e7\u00e3o de Medalhas de M\u00e9rito, equipas\/atletas\/treinadores do concelho do Barreiro, que tenham sido classificados at\u00e9 ao terceiro lugar em Competi\u00e7\u00f5es Nacionais, disputem Provas Internacionais, nomeadamente Campeonatos do [&hellip;]<\/p>\n","protected":false},"author":1,"featured_media":11454,"comment_status":"closed","ping_status":"closed","sticky":false,"template":"","format":"standard","meta":{"footnotes":""},"categories":[26],"tags":[187],"class_list":["post-6068","post","type-post","status-publish","format-standard","has-post-thumbnail","hentry","category-ginastica","tag-ginastica-201718"],"views":449,"_links":{"self":[{"href":"https:\/\/www.sfrua.pt\/index.php?rest_route=\/wp\/v2\/posts\/6068","targetHints":{"allow":["GET"]}}],"collection":[{"href":"https:\/\/www.sfrua.pt\/index.php?rest_route=\/wp\/v2\/posts"}],"about":[{"href":"https:\/\/www.sfrua.pt\/index.php?rest_route=\/wp\/v2\/types\/post"}],"author":[{"embeddable":true,"href":"https:\/\/www.sfrua.pt\/index.php?rest_route=\/wp\/v2\/users\/1"}],"replies":[{"embeddable":true,"href":"https:\/\/www.sfrua.pt\/index.php?rest_route=%2Fwp%2Fv2%2Fcomments&post=6068"}],"version-history":[{"count":1,"href":"https:\/\/www.sfrua.pt\/index.php?rest_route=\/wp\/v2\/posts\/6068\/revisions"}],"predecessor-version":[{"id":11455,"href":"https:\/\/www.sfrua.pt\/index.php?rest_route=\/wp\/v2\/posts\/6068\/revisions\/11455"}],"wp:featuredmedia":[{"embeddable":true,"href":"https:\/\/www.sfrua.pt\/index.php?rest_route=\/wp\/v2\/media\/11454"}],"wp:attachment":[{"href":"https:\/\/www.sfrua.pt\/index.php?rest_route=%2Fwp%2Fv2%2Fmedia&parent=6068"}],"wp:term":[{"taxonomy":"category","embeddable":true,"href":"https:\/\/www.sfrua.pt\/index.php?rest_route=%2Fwp%2Fv2%2Fcategories&post=6068"},{"taxonomy":"post_tag","embeddable":true,"href":"https:\/\/www.sfrua.pt\/index.php?rest_route=%2Fwp%2Fv2%2Ftags&post=6068"}],"curies":[{"name":"wp","href":"https:\/\/api.w.org\/{rel}","templated":true}]}}