{"id":6088,"date":"2017-12-27T11:54:27","date_gmt":"2017-12-27T10:54:27","guid":{"rendered":"http:\/\/sfrua.pt\/?p=6088"},"modified":"2026-04-08T16:15:09","modified_gmt":"2026-04-08T16:15:09","slug":"sfrua-na-10a-edicao-taca-de-natal-fabriltramp-dmt","status":"publish","type":"post","link":"https:\/\/www.sfrua.pt\/?p=6088","title":{"rendered":"SFRUA na 10\u00aa Edi\u00e7\u00e3o Ta\u00e7a de Natal Fabriltramp DMT"},"content":{"rendered":"<p><a href=\"http:\/\/sfrua.pt\/wp-content\/uploads\/2017\/12\/DSC_0274_wm.jpg\"><br \/>\n<\/a><a href=\"https:\/\/photos.app.goo.gl\/5JXDmUIKYiJHfu3E3\" target=\"_blank\" rel=\"noopener\"><img loading=\"lazy\" decoding=\"async\" class=\"alignnone wp-image-6091 size-full\" src=\"http:\/\/sfrua.pt\/wp-content\/uploads\/2017\/12\/DSC_0274_wm.jpg\" alt=\"\" width=\"4182\" height=\"2790\" \/><\/a><a href=\"https:\/\/photos.app.goo.gl\/5JXDmUIKYiJHfu3E3\" target=\"_blank\" rel=\"noopener\">CLICAR PARA VER MAIS FOTOS<\/a><br \/>\n(Fotos: Ana Contente \/ www.sfrua.pt)<\/p>\n<hr \/>\n<p>No passado dia 17 de Dezembro realizou-se no Pavilh\u00e3o Municipal Lu\u00eds de Carvalho, no Barreiro (Cidade Sol), a 10\u00aa Edi\u00e7\u00e3o da Ta\u00e7a de Natal Fabriltramp.\u00a0O evento contou com a participa\u00e7\u00e3o dos atletas da SFRUA e ficou marcado pelo regresso do atleta Tiago Ramos \u00e0s competi\u00e7\u00f5es, ap\u00f3s um longo per\u00edodo de recupera\u00e7\u00e3o de uma les\u00e3o, tendo conseguido alcan\u00e7ar o 1\u00ba lugar.<\/p>\n<p><strong>RESULTADOS<\/strong><\/p>\n<p><u><strong>Infantis Femininos:<\/strong><\/u><br \/>\nIn\u00eas Reis \u2013 1\u00ba<br \/>\nMarta Cavaco \u2013 11\u00ba<br \/>\nLaura Madeira \u2013 21\u00ba<br \/>\nBeatriz Gavinhos \u2013 31\u00ba<\/p>\n<p><u><strong>Infantis Femininos \u2013\u00a0Equipas:<\/strong><\/u><br \/>\nIn\u00eas Reis, Marta Cavaco, Laura Madeira e Beatriz Gavinhos \u2013 2\u00ba<\/p>\n<p><u><strong>Infantis Masculinos:<\/strong><\/u><br \/>\nRuben Tadeu \u2013 11\u00ba<\/p>\n<p><u><strong>Iniciados Femininos:<\/strong><\/u><br \/>\nMadalena Pereira \u2013 14\u00ba<br \/>\nMarta Madeira \u2013 18\u00ba<strong><br \/>\n<\/strong><\/p>\n<p><u><strong>Iniciados Masculinos:<\/strong><\/u><br \/>\nRuben Antunes \u2013 7\u00ba<br \/>\nMiguel Bacalhau \u2013 18\u00ba<\/p>\n<p><u><strong>Juniores Femininos:<\/strong><\/u><br \/>\nAna Soares \u2013 9\u00ba<br \/>\nAdriana Caba\u00e7o \u2013 15\u00ba<br \/>\nRita Vieira \u2013 17\u00ba<\/p>\n<p><u><strong>Juniores Masculinos:<\/strong><\/u><br \/>\nTiago Ramos \u2013 1\u00ba<br \/>\nIvan Tadeu \u2013 6\u00ba<strong><br \/>\n<\/strong><\/p>\n<p><u><strong>Seniores Femininos:<\/strong><\/u><br \/>\nIna Esanu \u2013 8\u00ba<br \/>\nCatarina Calisto \u2013 12\u00ba<\/p>\n<p>Parab\u00e9ns a todos os atletas e \u00e0 treinadora Rita Reis.<\/p>\n<p>&nbsp;<\/p>\n","protected":false},"excerpt":{"rendered":"<p>CLICAR PARA VER MAIS FOTOS (Fotos: Ana Contente \/ www.sfrua.pt) No passado dia 17 de Dezembro realizou-se no Pavilh\u00e3o Municipal Lu\u00eds de Carvalho, no Barreiro (Cidade Sol), a 10\u00aa Edi\u00e7\u00e3o da Ta\u00e7a de Natal Fabriltramp.\u00a0O evento contou com a participa\u00e7\u00e3o dos atletas da SFRUA e ficou marcado pelo regresso do atleta Tiago Ramos \u00e0s competi\u00e7\u00f5es, [&hellip;]<\/p>\n","protected":false},"author":1,"featured_media":11336,"comment_status":"closed","ping_status":"closed","sticky":false,"template":"","format":"standard","meta":{"footnotes":""},"categories":[24,26],"tags":[187],"class_list":["post-6088","post","type-post","status-publish","format-standard","has-post-thumbnail","hentry","category-fotos","category-ginastica","tag-ginastica-201718"],"views":433,"_links":{"self":[{"href":"https:\/\/www.sfrua.pt\/index.php?rest_route=\/wp\/v2\/posts\/6088","targetHints":{"allow":["GET"]}}],"collection":[{"href":"https:\/\/www.sfrua.pt\/index.php?rest_route=\/wp\/v2\/posts"}],"about":[{"href":"https:\/\/www.sfrua.pt\/index.php?rest_route=\/wp\/v2\/types\/post"}],"author":[{"embeddable":true,"href":"https:\/\/www.sfrua.pt\/index.php?rest_route=\/wp\/v2\/users\/1"}],"replies":[{"embeddable":true,"href":"https:\/\/www.sfrua.pt\/index.php?rest_route=%2Fwp%2Fv2%2Fcomments&post=6088"}],"version-history":[{"count":2,"href":"https:\/\/www.sfrua.pt\/index.php?rest_route=\/wp\/v2\/posts\/6088\/revisions"}],"predecessor-version":[{"id":11337,"href":"https:\/\/www.sfrua.pt\/index.php?rest_route=\/wp\/v2\/posts\/6088\/revisions\/11337"}],"wp:featuredmedia":[{"embeddable":true,"href":"https:\/\/www.sfrua.pt\/index.php?rest_route=\/wp\/v2\/media\/11336"}],"wp:attachment":[{"href":"https:\/\/www.sfrua.pt\/index.php?rest_route=%2Fwp%2Fv2%2Fmedia&parent=6088"}],"wp:term":[{"taxonomy":"category","embeddable":true,"href":"https:\/\/www.sfrua.pt\/index.php?rest_route=%2Fwp%2Fv2%2Fcategories&post=6088"},{"taxonomy":"post_tag","embeddable":true,"href":"https:\/\/www.sfrua.pt\/index.php?rest_route=%2Fwp%2Fv2%2Ftags&post=6088"}],"curies":[{"name":"wp","href":"https:\/\/api.w.org\/{rel}","templated":true}]}}