{"id":6175,"date":"2018-01-30T17:34:11","date_gmt":"2018-01-30T16:34:11","guid":{"rendered":"http:\/\/sfrua.pt\/?p=6175"},"modified":"2026-04-08T22:04:58","modified_gmt":"2026-04-08T22:04:58","slug":"noticia-recebemos-a-visita-do-presidente-da-f-p-ginastica","status":"publish","type":"post","link":"https:\/\/www.sfrua.pt\/?p=6175","title":{"rendered":"Not\u00edcia: Recebemos a visita do Presidente da F.P. Gin\u00e1stica"},"content":{"rendered":"<div><a href=\"http:\/\/sfrua.pt\/wp-content\/uploads\/2018\/01\/ginastica.jpg\"><img loading=\"lazy\" decoding=\"async\" class=\"alignnone size-full wp-image-6176\" src=\"http:\/\/sfrua.pt\/wp-content\/uploads\/2018\/01\/ginastica.jpg\" alt=\"\" width=\"960\" height=\"540\" \/><\/a><\/div>\n<div>No passado dia 18 de janeiro, a SFRUA recebeu a visita do Presidente da Federa\u00e7\u00e3o de Gin\u00e1stica de Portugal, Jo\u00e3o Paulo Rocha e do T\u00e9cnico de Apoio ao Associativismo da FGP, Gabriel Fortes, para conhecer as instala\u00e7\u00f5es e as condi\u00e7\u00f5es de treino dos nossos ginastas.<\/div>\n<div>Acompanharam a sess\u00e3o de treino, conversaram com a Treinadora Rita Reis e deram uma palavra de apoio e incentivo aos nossos atletas!<\/div>\n<div><\/div>\n<div>Not\u00edcia no facebook da Federa\u00e7\u00e3o de Gin\u00e1stica de Portugal:<\/div>\n<div><a href=\"https:\/\/www.facebook.com\/ginasticaportugal\/posts\/1764446193618816\" target=\"_blank\" rel=\"noopener\" data-saferedirecturl=\"https:\/\/www.google.com\/url?hl=pt-PT&amp;q=https:\/\/www.facebook.com\/ginasticaportugal\/posts\/1764446193618816&amp;source=gmail&amp;ust=1517415812886000&amp;usg=AFQjCNH9vVEVaUxMoH0sa_0kSkDR0x3-vw\">https:\/\/www.facebook.com\/<wbr \/>ginasticaportugal\/posts\/<wbr \/>1764446193618816<\/a><\/div>\n<div><\/div>\n<div>A Sec\u00e7\u00e3o de Gin\u00e1stica<\/div>\n<div><\/div>\n","protected":false},"excerpt":{"rendered":"<p>No passado dia 18 de janeiro, a SFRUA recebeu a visita do Presidente da Federa\u00e7\u00e3o de Gin\u00e1stica de Portugal, Jo\u00e3o Paulo Rocha e do T\u00e9cnico de Apoio ao Associativismo da FGP, Gabriel Fortes, para conhecer as instala\u00e7\u00f5es e as condi\u00e7\u00f5es de treino dos nossos ginastas. Acompanharam a sess\u00e3o de treino, conversaram com a Treinadora Rita [&hellip;]<\/p>\n","protected":false},"author":1,"featured_media":11446,"comment_status":"closed","ping_status":"closed","sticky":false,"template":"","format":"standard","meta":{"footnotes":""},"categories":[26,36],"tags":[187],"class_list":["post-6175","post","type-post","status-publish","format-standard","has-post-thumbnail","hentry","category-ginastica","category-noticias","tag-ginastica-201718"],"views":441,"_links":{"self":[{"href":"https:\/\/www.sfrua.pt\/index.php?rest_route=\/wp\/v2\/posts\/6175","targetHints":{"allow":["GET"]}}],"collection":[{"href":"https:\/\/www.sfrua.pt\/index.php?rest_route=\/wp\/v2\/posts"}],"about":[{"href":"https:\/\/www.sfrua.pt\/index.php?rest_route=\/wp\/v2\/types\/post"}],"author":[{"embeddable":true,"href":"https:\/\/www.sfrua.pt\/index.php?rest_route=\/wp\/v2\/users\/1"}],"replies":[{"embeddable":true,"href":"https:\/\/www.sfrua.pt\/index.php?rest_route=%2Fwp%2Fv2%2Fcomments&post=6175"}],"version-history":[{"count":1,"href":"https:\/\/www.sfrua.pt\/index.php?rest_route=\/wp\/v2\/posts\/6175\/revisions"}],"predecessor-version":[{"id":11447,"href":"https:\/\/www.sfrua.pt\/index.php?rest_route=\/wp\/v2\/posts\/6175\/revisions\/11447"}],"wp:featuredmedia":[{"embeddable":true,"href":"https:\/\/www.sfrua.pt\/index.php?rest_route=\/wp\/v2\/media\/11446"}],"wp:attachment":[{"href":"https:\/\/www.sfrua.pt\/index.php?rest_route=%2Fwp%2Fv2%2Fmedia&parent=6175"}],"wp:term":[{"taxonomy":"category","embeddable":true,"href":"https:\/\/www.sfrua.pt\/index.php?rest_route=%2Fwp%2Fv2%2Fcategories&post=6175"},{"taxonomy":"post_tag","embeddable":true,"href":"https:\/\/www.sfrua.pt\/index.php?rest_route=%2Fwp%2Fv2%2Ftags&post=6175"}],"curies":[{"name":"wp","href":"https:\/\/api.w.org\/{rel}","templated":true}]}}