{"id":6187,"date":"2018-01-31T10:15:40","date_gmt":"2018-01-31T09:15:40","guid":{"rendered":"http:\/\/sfrua.pt\/?p=6187"},"modified":"2026-04-02T11:32:27","modified_gmt":"2026-04-02T11:32:27","slug":"meritos-desportivos-do-concelho-da-moita-e-dos-premios-do-atletismoita-epoca-2016-2017","status":"publish","type":"post","link":"https:\/\/www.sfrua.pt\/?p=6187","title":{"rendered":"M\u00e9ritos Desportivos do Concelho da Moita e dos Pr\u00e9mios do AtletisMoita \u2013 \u00c9poca 2016\/2017"},"content":{"rendered":"<p><a href=\"http:\/\/sfrua.pt\/wp-content\/uploads\/2018\/01\/IMG_20180127_222056.jpg\"><img loading=\"lazy\" decoding=\"async\" class=\"alignnone wp-image-6188\" src=\"http:\/\/sfrua.pt\/wp-content\/uploads\/2018\/01\/IMG_20180127_222056-1024x768.jpg\" alt=\"\" width=\"640\" height=\"480\" \/><\/a><\/p>\n<p><a href=\"http:\/\/sfrua.pt\/wp-content\/uploads\/2018\/01\/IMG_20180127_222012.jpg\"><img loading=\"lazy\" decoding=\"async\" class=\"alignnone wp-image-6189\" src=\"http:\/\/sfrua.pt\/wp-content\/uploads\/2018\/01\/IMG_20180127_222012-300x225.jpg\" alt=\"\" width=\"640\" height=\"480\" \/><\/a><\/p>\n<p>Realizou-se no dia 27 de Janeiro,no F\u00f3rum Cultural Jos\u00e9 Manuel Figueiredo, na Baixa da Banheira, a\u00a0Cerim\u00f3nia de Atribui\u00e7\u00e3o dos M\u00e9ritos Desportivos do Concelho da Moita e dos Pr\u00e9mios do AtletisMoita \u2013 \u00c9poca 2016\/2017.<\/p>\n<p>Esta iniciativa \u00e9 uma forma da C\u00e2mara Municipal da Moita reconhecer publicamente o percurso desportivo dos atletas do concelho, nas mais variadas modalidades.<\/p>\n<p>A C\u00e2mara Municipal distingue, atrav\u00e9s da atribui\u00e7\u00e3o de M\u00e9rito Desportivo, os atletas e treinadores do concelho que, na \u00e9poca desportiva de 2016\/2017, tenham conquistado individual ou coletivamente um t\u00edtulo de Campe\u00e3o ou Vice-campe\u00e3o Nacional ou que tenham representado o munic\u00edpio no Estrangeiro.<\/p>\n<p>M\u00e9ritos atribu\u00eddos \u00e0 SFRUA:<\/p>\n<p><b><u>Modalidade de Gin\u00e1stica de Trampolins:<\/u><\/b><\/p>\n<p>&#8211;\u00a0<b>In\u00eas Reis<\/b>\u00a0&#8211; Campe\u00e3 Nacional Infantil em Trampolim Individual e Campe\u00e3 Nacional Infantil em Duplo Mini Trampolim<br \/>\n&#8211;\u00a0<b>Rita Reis<\/b>\u00a0&#8211; Treinadora<\/p>\n<p><b><u>Modalidade de Badminton:<\/u><\/b><\/p>\n<p>&#8211;\u00a0<b>Jo\u00e3o Cabral<\/b>\u00a0\u2013 Campe\u00e3o Nacional na Categoria C Singular Homem<\/p>\n<p>Equipa Campe\u00e3 Nacional \u2013 Categoria C \u2013 Pares Homens \u2013 Badminton<br \/>\n&#8211;\u00a0<b>Jo\u00e3o Cabral\u00a0<\/b><br \/>\n&#8211;\u00a0<b>Jo\u00e3o Maia<\/b><\/p>\n<p><strong>A Sociedade Filarm\u00f3nica Recreio e Uni\u00e3o Alhosvedrense \u201cA Velhinha\u201d tamb\u00e9m recebe um M\u00e9rito Desportivo &#8220;<\/strong><\/p>\n","protected":false},"excerpt":{"rendered":"<p>Realizou-se no dia 27 de Janeiro,no F\u00f3rum Cultural Jos\u00e9 Manuel Figueiredo, na Baixa da Banheira, a\u00a0Cerim\u00f3nia de Atribui\u00e7\u00e3o dos M\u00e9ritos Desportivos do Concelho da Moita e dos Pr\u00e9mios do AtletisMoita \u2013 \u00c9poca 2016\/2017. Esta iniciativa \u00e9 uma forma da C\u00e2mara Municipal da Moita reconhecer publicamente o percurso desportivo dos atletas do concelho, nas mais variadas [&hellip;]<\/p>\n","protected":false},"author":1,"featured_media":10889,"comment_status":"closed","ping_status":"closed","sticky":false,"template":"","format":"standard","meta":{"footnotes":""},"categories":[14,26,36],"tags":[68,187],"class_list":["post-6187","post","type-post","status-publish","format-standard","has-post-thumbnail","hentry","category-badminton","category-ginastica","category-noticias","tag-badminton-2017-18","tag-ginastica-201718"],"views":494,"_links":{"self":[{"href":"https:\/\/www.sfrua.pt\/index.php?rest_route=\/wp\/v2\/posts\/6187","targetHints":{"allow":["GET"]}}],"collection":[{"href":"https:\/\/www.sfrua.pt\/index.php?rest_route=\/wp\/v2\/posts"}],"about":[{"href":"https:\/\/www.sfrua.pt\/index.php?rest_route=\/wp\/v2\/types\/post"}],"author":[{"embeddable":true,"href":"https:\/\/www.sfrua.pt\/index.php?rest_route=\/wp\/v2\/users\/1"}],"replies":[{"embeddable":true,"href":"https:\/\/www.sfrua.pt\/index.php?rest_route=%2Fwp%2Fv2%2Fcomments&post=6187"}],"version-history":[{"count":1,"href":"https:\/\/www.sfrua.pt\/index.php?rest_route=\/wp\/v2\/posts\/6187\/revisions"}],"predecessor-version":[{"id":10890,"href":"https:\/\/www.sfrua.pt\/index.php?rest_route=\/wp\/v2\/posts\/6187\/revisions\/10890"}],"wp:featuredmedia":[{"embeddable":true,"href":"https:\/\/www.sfrua.pt\/index.php?rest_route=\/wp\/v2\/media\/10889"}],"wp:attachment":[{"href":"https:\/\/www.sfrua.pt\/index.php?rest_route=%2Fwp%2Fv2%2Fmedia&parent=6187"}],"wp:term":[{"taxonomy":"category","embeddable":true,"href":"https:\/\/www.sfrua.pt\/index.php?rest_route=%2Fwp%2Fv2%2Fcategories&post=6187"},{"taxonomy":"post_tag","embeddable":true,"href":"https:\/\/www.sfrua.pt\/index.php?rest_route=%2Fwp%2Fv2%2Ftags&post=6187"}],"curies":[{"name":"wp","href":"https:\/\/api.w.org\/{rel}","templated":true}]}}