{"id":6368,"date":"2018-03-27T09:39:32","date_gmt":"2018-03-27T08:39:32","guid":{"rendered":"http:\/\/sfrua.pt\/?p=6368"},"modified":"2026-04-07T13:51:44","modified_gmt":"2026-04-07T13:51:44","slug":"aniversario-da-bateria-de-samba","status":"publish","type":"post","link":"https:\/\/www.sfrua.pt\/?p=6368","title":{"rendered":"Anivers\u00e1rio da Bateria de Samba"},"content":{"rendered":"<p>A Bateria de Samba da SFRUA comemorou no dia 2 de Mar\u00e7o mais um anivers\u00e1rio e no dia 25 de Mar\u00e7o organiz\u00e1mos um pequeno lanche para celebramos a respetiva data.<\/p>\n<p>Foi uma iniciativa essencialmente de confraterniza\u00e7\u00e3o entre membros da Bateria, Passistas, Comiss\u00e3o de Carnaval, colaboradores e dire\u00e7\u00e3o da SFRUA, onde se recordou v\u00e1rios momentos e atua\u00e7\u00f5es da bateria e passistas ao longo dos anos.<\/p>\n<p>E porque em 2018 fez 10 anos que a bateria desfilou com uma madrinha de bateria, a bateria prestou uma pequena homenagem a todas as madrinhas da bateria que ao longo destes 10 anos fizeram parte da hist\u00f3ria da bateria e do Carnaval da SFRUA.<\/p>\n<p>Foi elaborado um v\u00eddeo com uma retrospetiva de todas as madrinhas que foi apresentado a todos os presentes, bem como foi oferecida uma pequena mas sentida lembran\u00e7a a cada uma das madrinhas que puderem estar presentes, sendo que iremos entregar posteriormente \u00e0s restantes madrinhas que por diversas raz\u00f5es infelizmente n\u00e3o puderam estar presentes.<\/p>\n<p>Aproveitamos para agradecer a cada uma delas a entrega, a amizade, a confian\u00e7a e o carinho que nos deram ao longo destes anos e que n\u00f3s, bateria, tent\u00e1mos sempre retribuir de igual forma e que ainda hoje passados 10 anos continuamos sentir o mesmo por cada uma.<\/p>\n<p>Bateria de Samba da SFRUA<\/p>\n","protected":false},"excerpt":{"rendered":"<p>A Bateria de Samba da SFRUA comemorou no dia 2 de Mar\u00e7o mais um anivers\u00e1rio e no dia 25 de Mar\u00e7o organiz\u00e1mos um pequeno lanche para celebramos a respetiva data. Foi uma iniciativa essencialmente de confraterniza\u00e7\u00e3o entre membros da Bateria, Passistas, Comiss\u00e3o de Carnaval, colaboradores e dire\u00e7\u00e3o da SFRUA, onde se recordou v\u00e1rios momentos e [&hellip;]<\/p>\n","protected":false},"author":1,"featured_media":10904,"comment_status":"closed","ping_status":"closed","sticky":false,"template":"","format":"standard","meta":{"footnotes":""},"categories":[44],"tags":[82,87],"class_list":["post-6368","post","type-post","status-publish","format-standard","has-post-thumbnail","hentry","category-bateria-samba","tag-bateria-samba","tag-bateriasamba-2017-18"],"views":456,"_links":{"self":[{"href":"https:\/\/www.sfrua.pt\/index.php?rest_route=\/wp\/v2\/posts\/6368","targetHints":{"allow":["GET"]}}],"collection":[{"href":"https:\/\/www.sfrua.pt\/index.php?rest_route=\/wp\/v2\/posts"}],"about":[{"href":"https:\/\/www.sfrua.pt\/index.php?rest_route=\/wp\/v2\/types\/post"}],"author":[{"embeddable":true,"href":"https:\/\/www.sfrua.pt\/index.php?rest_route=\/wp\/v2\/users\/1"}],"replies":[{"embeddable":true,"href":"https:\/\/www.sfrua.pt\/index.php?rest_route=%2Fwp%2Fv2%2Fcomments&post=6368"}],"version-history":[{"count":2,"href":"https:\/\/www.sfrua.pt\/index.php?rest_route=\/wp\/v2\/posts\/6368\/revisions"}],"predecessor-version":[{"id":10979,"href":"https:\/\/www.sfrua.pt\/index.php?rest_route=\/wp\/v2\/posts\/6368\/revisions\/10979"}],"wp:featuredmedia":[{"embeddable":true,"href":"https:\/\/www.sfrua.pt\/index.php?rest_route=\/wp\/v2\/media\/10904"}],"wp:attachment":[{"href":"https:\/\/www.sfrua.pt\/index.php?rest_route=%2Fwp%2Fv2%2Fmedia&parent=6368"}],"wp:term":[{"taxonomy":"category","embeddable":true,"href":"https:\/\/www.sfrua.pt\/index.php?rest_route=%2Fwp%2Fv2%2Fcategories&post=6368"},{"taxonomy":"post_tag","embeddable":true,"href":"https:\/\/www.sfrua.pt\/index.php?rest_route=%2Fwp%2Fv2%2Ftags&post=6368"}],"curies":[{"name":"wp","href":"https:\/\/api.w.org\/{rel}","templated":true}]}}