{"id":6707,"date":"2018-04-30T12:01:49","date_gmt":"2018-04-30T11:01:49","guid":{"rendered":"http:\/\/sfrua.pt\/?p=6707"},"modified":"2026-04-08T13:21:57","modified_gmt":"2026-04-08T13:21:57","slug":"memorias-basquetebol-senior-na-sfrua","status":"publish","type":"post","link":"https:\/\/www.sfrua.pt\/?p=6707","title":{"rendered":"Mem\u00f3rias: Basquetebol s\u00e9nior na SFRUA"},"content":{"rendered":"<p>Em 1999\/2000\/2001 a SFRUA participou no Campeonato Nacional da 2\u00aa Divis\u00e3o (zona sul) de Basquetebol, no escal\u00e3o de S\u00e9niores.<br \/>\nEstas fotos (de Lu\u00eds Miguel Alves) confirmam a presen\u00e7a da nossa equipa numa desloca\u00e7\u00e3o aos A\u00e7ores.<br \/>\n<a href=\"http:\/\/sfrua.pt\/wp-content\/uploads\/2018\/04\/2000-basket-sfrua-nos-acores-1280X.jpg\"><img loading=\"lazy\" decoding=\"async\" class=\"alignnone size-full wp-image-6708\" src=\"http:\/\/sfrua.pt\/wp-content\/uploads\/2018\/04\/2000-basket-sfrua-nos-acores-1280X.jpg\" alt=\"\" width=\"1280\" height=\"1790\" \/><\/a> <a href=\"http:\/\/sfrua.pt\/wp-content\/uploads\/2018\/04\/2000-basket-sfrua-nos-acores-aeoroporto_1280x.jpg\"><img loading=\"lazy\" decoding=\"async\" class=\"alignnone size-full wp-image-6709\" src=\"http:\/\/sfrua.pt\/wp-content\/uploads\/2018\/04\/2000-basket-sfrua-nos-acores-aeoroporto_1280x.jpg\" alt=\"\" width=\"1280\" height=\"846\" \/><\/a><\/p>\n<p>Fotos: Lu\u00eds Miguel Alves<\/p>\n","protected":false},"excerpt":{"rendered":"<p>Em 1999\/2000\/2001 a SFRUA participou no Campeonato Nacional da 2\u00aa Divis\u00e3o (zona sul) de Basquetebol, no escal\u00e3o de S\u00e9niores. Estas fotos (de Lu\u00eds Miguel Alves) confirmam a presen\u00e7a da nossa equipa numa desloca\u00e7\u00e3o aos A\u00e7ores. Fotos: Lu\u00eds Miguel Alves<\/p>\n","protected":false},"author":1,"featured_media":10570,"comment_status":"closed","ping_status":"closed","sticky":false,"template":"","format":"standard","meta":{"footnotes":""},"categories":[17,31],"tags":[80,212],"class_list":["post-6707","post","type-post","status-publish","format-standard","has-post-thumbnail","hentry","category-basquetebol","category-memorias","tag-basquetebol","tag-memorias"],"views":495,"_links":{"self":[{"href":"https:\/\/www.sfrua.pt\/index.php?rest_route=\/wp\/v2\/posts\/6707","targetHints":{"allow":["GET"]}}],"collection":[{"href":"https:\/\/www.sfrua.pt\/index.php?rest_route=\/wp\/v2\/posts"}],"about":[{"href":"https:\/\/www.sfrua.pt\/index.php?rest_route=\/wp\/v2\/types\/post"}],"author":[{"embeddable":true,"href":"https:\/\/www.sfrua.pt\/index.php?rest_route=\/wp\/v2\/users\/1"}],"replies":[{"embeddable":true,"href":"https:\/\/www.sfrua.pt\/index.php?rest_route=%2Fwp%2Fv2%2Fcomments&post=6707"}],"version-history":[{"count":1,"href":"https:\/\/www.sfrua.pt\/index.php?rest_route=\/wp\/v2\/posts\/6707\/revisions"}],"predecessor-version":[{"id":10571,"href":"https:\/\/www.sfrua.pt\/index.php?rest_route=\/wp\/v2\/posts\/6707\/revisions\/10571"}],"wp:featuredmedia":[{"embeddable":true,"href":"https:\/\/www.sfrua.pt\/index.php?rest_route=\/wp\/v2\/media\/10570"}],"wp:attachment":[{"href":"https:\/\/www.sfrua.pt\/index.php?rest_route=%2Fwp%2Fv2%2Fmedia&parent=6707"}],"wp:term":[{"taxonomy":"category","embeddable":true,"href":"https:\/\/www.sfrua.pt\/index.php?rest_route=%2Fwp%2Fv2%2Fcategories&post=6707"},{"taxonomy":"post_tag","embeddable":true,"href":"https:\/\/www.sfrua.pt\/index.php?rest_route=%2Fwp%2Fv2%2Ftags&post=6707"}],"curies":[{"name":"wp","href":"https:\/\/api.w.org\/{rel}","templated":true}]}}