{"id":6854,"date":"2018-05-09T11:52:03","date_gmt":"2018-05-09T10:52:03","guid":{"rendered":"http:\/\/sfrua.pt\/?p=6854"},"modified":"2018-05-09T11:52:03","modified_gmt":"2018-05-09T10:52:03","slug":"conferencia-sobre-o-aeroporto-na-b-a-6-do-montijo-13-maio-2018-17h","status":"publish","type":"post","link":"https:\/\/www.sfrua.pt\/?p=6854","title":{"rendered":"Confer\u00eancia na SFRUA sobre o aeroporto na B.A.6 do Montijo &#8211; 12 maio 2018 &#8211; 17h"},"content":{"rendered":"<p><a href=\"http:\/\/sfrua.pt\/wp-content\/uploads\/2018\/05\/Cartaz-Conferencia-BA6-8.jpg\"><img loading=\"lazy\" decoding=\"async\" class=\"alignnone size-large wp-image-6855\" src=\"http:\/\/sfrua.pt\/wp-content\/uploads\/2018\/05\/Cartaz-Conferencia-BA6-8-733x1024.jpg\" alt=\"\" width=\"733\" height=\"1024\" \/><\/a><\/p>\n<p>CONVITE<br \/>\nNOVO AEROPORTO DE LISBOA EM DEBATE<br \/>\nLocal: SOCIEDADE FILARM\u00d3NICA UNI\u00c3O E RECREIO ALHOSVEDRENSE<br \/>\nPra\u00e7a da Rep\u00fablica 4, ALHOS VEDROS<br \/>\n12 DE MAIO DE 2018, 17<span class=\"m_-3431869072080427683m_4628730159273680858gmail-text_exposed_show\">\u00a0H<br \/>\nAproximando-se o momento da decis\u00e3o quanto \u00e0 implanta\u00e7\u00e3o de um Aeroporto na Pen\u00ednsula de Set\u00fabal e tendo em conta as implica\u00e7\u00f5es que isso acarreta para a vida das popula\u00e7\u00f5es da Regi\u00e3o, principalmente para os residentes nos concelhos ribeirinhos da Margem Sul, Barreiro, Moita, Montijo, Alcochete e Seixal, o MOVIMENTO C\u00cdVICO \u201cAEROPORTO NA BA6 \u2013 SIM OU N\u00c3O\u201d convida todos os associados da SFRUA e p\u00fablico em geral a participar nesta Confer\u00eancia seguida de Debate, onde defensores das hip\u00f3teses: (Campo de Tiro de Alcochete \/ Base A\u00e9rea 6 Montijo) ter\u00e3o oportunidade de apresentar as For\u00e7as e Oportunidades, as Fraquezas e Amea\u00e7as de cada uma delas, para um melhor esclarecimento de todos.<br \/>\nORADORES CONVIDADOS : Lu\u00eds Chucha (Oficial Reformado da For\u00e7a A\u00e9rea), Victor Silveira (Piloto de Linha A\u00e9rea), Manuel F. Fernandes (Amea\u00e7as de um Aeroporto na BA6 para as Comunidades Locais)<\/span><\/p>\n","protected":false},"excerpt":{"rendered":"<p>CONVITE NOVO AEROPORTO DE LISBOA EM DEBATE Local: SOCIEDADE FILARM\u00d3NICA UNI\u00c3O E RECREIO ALHOSVEDRENSE Pra\u00e7a da Rep\u00fablica 4, ALHOS VEDROS 12 DE MAIO DE 2018, 17\u00a0H Aproximando-se o momento da decis\u00e3o quanto \u00e0 implanta\u00e7\u00e3o de um Aeroporto na Pen\u00ednsula de Set\u00fabal e tendo em conta as implica\u00e7\u00f5es que isso acarreta para a vida das popula\u00e7\u00f5es [&hellip;]<\/p>\n","protected":false},"author":1,"featured_media":6855,"comment_status":"closed","ping_status":"closed","sticky":false,"template":"","format":"standard","meta":{"footnotes":""},"categories":[36],"tags":[279],"class_list":["post-6854","post","type-post","status-publish","format-standard","has-post-thumbnail","hentry","category-noticias","tag-velhinha"],"views":457,"_links":{"self":[{"href":"https:\/\/www.sfrua.pt\/index.php?rest_route=\/wp\/v2\/posts\/6854","targetHints":{"allow":["GET"]}}],"collection":[{"href":"https:\/\/www.sfrua.pt\/index.php?rest_route=\/wp\/v2\/posts"}],"about":[{"href":"https:\/\/www.sfrua.pt\/index.php?rest_route=\/wp\/v2\/types\/post"}],"author":[{"embeddable":true,"href":"https:\/\/www.sfrua.pt\/index.php?rest_route=\/wp\/v2\/users\/1"}],"replies":[{"embeddable":true,"href":"https:\/\/www.sfrua.pt\/index.php?rest_route=%2Fwp%2Fv2%2Fcomments&post=6854"}],"version-history":[{"count":0,"href":"https:\/\/www.sfrua.pt\/index.php?rest_route=\/wp\/v2\/posts\/6854\/revisions"}],"wp:featuredmedia":[{"embeddable":true,"href":"https:\/\/www.sfrua.pt\/index.php?rest_route=\/"}],"wp:attachment":[{"href":"https:\/\/www.sfrua.pt\/index.php?rest_route=%2Fwp%2Fv2%2Fmedia&parent=6854"}],"wp:term":[{"taxonomy":"category","embeddable":true,"href":"https:\/\/www.sfrua.pt\/index.php?rest_route=%2Fwp%2Fv2%2Fcategories&post=6854"},{"taxonomy":"post_tag","embeddable":true,"href":"https:\/\/www.sfrua.pt\/index.php?rest_route=%2Fwp%2Fv2%2Ftags&post=6854"}],"curies":[{"name":"wp","href":"https:\/\/api.w.org\/{rel}","templated":true}]}}