{"id":6992,"date":"2018-07-23T15:58:07","date_gmt":"2018-07-23T14:58:07","guid":{"rendered":"http:\/\/sfrua.pt\/?p=6992"},"modified":"2026-04-07T13:39:52","modified_gmt":"2026-04-07T13:39:52","slug":"carnaval-de-a-vedros-na-apresentacao-das-festas-do-rosario-2018","status":"publish","type":"post","link":"https:\/\/www.sfrua.pt\/?p=6992","title":{"rendered":"Carnaval de A.Vedros na Apresenta\u00e7\u00e3o das Festas do Ros\u00e1rio 2018"},"content":{"rendered":"<p><a href=\"http:\/\/sfrua.pt\/wp-content\/uploads\/2018\/07\/New-Phototastic-Collage2.jpg\"><img loading=\"lazy\" decoding=\"async\" class=\"alignnone size-large wp-image-6999\" src=\"http:\/\/sfrua.pt\/wp-content\/uploads\/2018\/07\/New-Phototastic-Collage2-1024x1024.jpg\" alt=\"\" width=\"1024\" height=\"1024\" \/><\/a><br \/>\n<a href=\"https:\/\/photos.app.goo.gl\/Jo27WfNYoBwdsqxf8\" target=\"_blank\" rel=\"noopener\">CLICAR PARA VER MAIS FOTOS<\/a><br \/>\n(Colabora\u00e7\u00e3o de Teresa Machado)<\/p>\n<p>Uma representa\u00e7\u00e3o do Carnaval de Alhos Vedros esteve no Ros\u00e1rio (Moita) na noite de s\u00e1bado, dia 21 de julho na apresenta\u00e7\u00e3o das Festas em Honra de Nossa Senhora do Ros\u00e1rio 2018.<br \/>\nParticiparam v\u00e1rias alas, a Rainha de 2018, as nossas Passistas e a Bateria de Samba com a sua Madrinha.<br \/>\nNo evento participaram tamb\u00e9m a marcha de S. Domingos de Benfica (Lisboa) e Bruno Batista.<\/p>\n","protected":false},"excerpt":{"rendered":"<p>CLICAR PARA VER MAIS FOTOS (Colabora\u00e7\u00e3o de Teresa Machado) Uma representa\u00e7\u00e3o do Carnaval de Alhos Vedros esteve no Ros\u00e1rio (Moita) na noite de s\u00e1bado, dia 21 de julho na apresenta\u00e7\u00e3o das Festas em Honra de Nossa Senhora do Ros\u00e1rio 2018. Participaram v\u00e1rias alas, a Rainha de 2018, as nossas Passistas e a Bateria de Samba [&hellip;]<\/p>\n","protected":false},"author":1,"featured_media":10967,"comment_status":"closed","ping_status":"closed","sticky":false,"template":"","format":"standard","meta":{"footnotes":""},"categories":[44,19,32],"tags":[123,220],"class_list":["post-6992","post","type-post","status-publish","format-standard","has-post-thumbnail","hentry","category-bateria-samba","category-carnaval","category-passistas","tag-carnaval-2018","tag-passistas"],"views":485,"_links":{"self":[{"href":"https:\/\/www.sfrua.pt\/index.php?rest_route=\/wp\/v2\/posts\/6992","targetHints":{"allow":["GET"]}}],"collection":[{"href":"https:\/\/www.sfrua.pt\/index.php?rest_route=\/wp\/v2\/posts"}],"about":[{"href":"https:\/\/www.sfrua.pt\/index.php?rest_route=\/wp\/v2\/types\/post"}],"author":[{"embeddable":true,"href":"https:\/\/www.sfrua.pt\/index.php?rest_route=\/wp\/v2\/users\/1"}],"replies":[{"embeddable":true,"href":"https:\/\/www.sfrua.pt\/index.php?rest_route=%2Fwp%2Fv2%2Fcomments&post=6992"}],"version-history":[{"count":1,"href":"https:\/\/www.sfrua.pt\/index.php?rest_route=\/wp\/v2\/posts\/6992\/revisions"}],"predecessor-version":[{"id":10968,"href":"https:\/\/www.sfrua.pt\/index.php?rest_route=\/wp\/v2\/posts\/6992\/revisions\/10968"}],"wp:featuredmedia":[{"embeddable":true,"href":"https:\/\/www.sfrua.pt\/index.php?rest_route=\/wp\/v2\/media\/10967"}],"wp:attachment":[{"href":"https:\/\/www.sfrua.pt\/index.php?rest_route=%2Fwp%2Fv2%2Fmedia&parent=6992"}],"wp:term":[{"taxonomy":"category","embeddable":true,"href":"https:\/\/www.sfrua.pt\/index.php?rest_route=%2Fwp%2Fv2%2Fcategories&post=6992"},{"taxonomy":"post_tag","embeddable":true,"href":"https:\/\/www.sfrua.pt\/index.php?rest_route=%2Fwp%2Fv2%2Ftags&post=6992"}],"curies":[{"name":"wp","href":"https:\/\/api.w.org\/{rel}","templated":true}]}}