{"id":7168,"date":"2018-11-25T20:41:51","date_gmt":"2018-11-25T19:41:51","guid":{"rendered":"http:\/\/sfrua.pt\/?p=7168"},"modified":"2025-12-10T16:25:27","modified_gmt":"2025-12-10T16:25:27","slug":"fotos-apresentacao-dos-destaques-do-carnaval-2019","status":"publish","type":"post","link":"https:\/\/www.sfrua.pt\/?p=7168","title":{"rendered":"Fotos: Apresenta\u00e7\u00e3o dos Destaques do Carnaval 2019"},"content":{"rendered":"<p><a href=\"http:\/\/sfrua.pt\/wp-content\/uploads\/2018\/11\/top.jpg\"><img loading=\"lazy\" decoding=\"async\" class=\"alignnone size-large wp-image-7170\" src=\"http:\/\/sfrua.pt\/wp-content\/uploads\/2018\/11\/top-1024x683.jpg\" alt=\"\" width=\"1024\" height=\"683\" \/><\/a><\/p>\n<p><a href=\"https:\/\/photos.app.goo.gl\/7z9GKEBv35BQtZzK6\" target=\"_blank\" rel=\"noopener\">CLICAR AQUI PARA VER MAIS FOTOS<\/a>\u00a0 \u00a0 \u00a0 \u00a0 &#8211;\u00a0 \u00a0 \u00a0\u00a0<a href=\"http:\/\/sfrua.pt\/?p=7190\">CLICAR PARA VER PEQUENO V\u00cdDEO<\/a><\/p>\n<p><span id=\"cch_f25f3e9fba369b6\">No ano de 2019, a S.F.R.U.A. faz 150 anos de exist\u00eancia, a nossa \u201cvelhinha\u201d como \u00e9 carinhosamente tratada, e como n\u00e3o podia deixar de ser a Comiss\u00e3o de Carnaval e os seus Carnavalescos, associaram-se \u00e0s comemora\u00e7\u00f5es, tendo escolhido como tema para o pr\u00f3ximo carnaval de Alhos Vedros, \u201c<strong>Uma viagem aos 150 anos<\/strong>\u201d da coletividade. <\/span><\/p>\n<p><span id=\"cch_f25f3e9fba369b6\">No passado domingo, foi apresentado o tema e os destaques para o Carnaval de 2019. Ao longo de 1h30m de espet\u00e1culo foi feita uma viagem, que resumiu tudo o que se ir\u00e1 passar nas ruas de Alhos Vedros no Corso de 2019 e onde iremos representar todas as atividades e modalidades que por esta casa passaram e que muitas, infelizmente j\u00e1 n\u00e3o existem, mas muitos ainda se lembram com certeza, como por exemplo &#8211; os concursos de vestidos de chita; das noites de fado, na cave; do grupo de teatro amador, com grandes nomes do teatro; as marchas populares; as dan\u00e7as de sal\u00e3o e a banda filarm\u00f3nica. Ser\u00e3o tamb\u00e9m representadas todas as atividades e modalidades que atualmente existem e que continuam a levar o nome SFRUA pelo Pa\u00eds e pelo Mundo fora, como: badminton, karat\u00e9, patinagem, ballet, grupo coral, basquetebol, a gin\u00e1stica, o combat, o yoga e claro, o Carnaval.<\/span><\/p>\n","protected":false},"excerpt":{"rendered":"<p>CLICAR AQUI PARA VER MAIS FOTOS\u00a0 \u00a0 \u00a0 \u00a0 &#8211;\u00a0 \u00a0 \u00a0\u00a0CLICAR PARA VER PEQUENO V\u00cdDEO No ano de 2019, a S.F.R.U.A. faz 150 anos de exist\u00eancia, a nossa \u201cvelhinha\u201d como \u00e9 carinhosamente tratada, e como n\u00e3o podia deixar de ser a Comiss\u00e3o de Carnaval e os seus Carnavalescos, associaram-se \u00e0s comemora\u00e7\u00f5es, tendo escolhido como [&hellip;]<\/p>\n","protected":false},"author":1,"featured_media":10626,"comment_status":"closed","ping_status":"closed","sticky":false,"template":"","format":"standard","meta":{"footnotes":""},"categories":[44,19,24,32],"tags":[124],"class_list":["post-7168","post","type-post","status-publish","format-standard","has-post-thumbnail","hentry","category-bateria-samba","category-carnaval","category-fotos","category-passistas","tag-carnaval-2019"],"views":738,"_links":{"self":[{"href":"https:\/\/www.sfrua.pt\/index.php?rest_route=\/wp\/v2\/posts\/7168","targetHints":{"allow":["GET"]}}],"collection":[{"href":"https:\/\/www.sfrua.pt\/index.php?rest_route=\/wp\/v2\/posts"}],"about":[{"href":"https:\/\/www.sfrua.pt\/index.php?rest_route=\/wp\/v2\/types\/post"}],"author":[{"embeddable":true,"href":"https:\/\/www.sfrua.pt\/index.php?rest_route=\/wp\/v2\/users\/1"}],"replies":[{"embeddable":true,"href":"https:\/\/www.sfrua.pt\/index.php?rest_route=%2Fwp%2Fv2%2Fcomments&post=7168"}],"version-history":[{"count":1,"href":"https:\/\/www.sfrua.pt\/index.php?rest_route=\/wp\/v2\/posts\/7168\/revisions"}],"predecessor-version":[{"id":10627,"href":"https:\/\/www.sfrua.pt\/index.php?rest_route=\/wp\/v2\/posts\/7168\/revisions\/10627"}],"wp:featuredmedia":[{"embeddable":true,"href":"https:\/\/www.sfrua.pt\/index.php?rest_route=\/wp\/v2\/media\/10626"}],"wp:attachment":[{"href":"https:\/\/www.sfrua.pt\/index.php?rest_route=%2Fwp%2Fv2%2Fmedia&parent=7168"}],"wp:term":[{"taxonomy":"category","embeddable":true,"href":"https:\/\/www.sfrua.pt\/index.php?rest_route=%2Fwp%2Fv2%2Fcategories&post=7168"},{"taxonomy":"post_tag","embeddable":true,"href":"https:\/\/www.sfrua.pt\/index.php?rest_route=%2Fwp%2Fv2%2Ftags&post=7168"}],"curies":[{"name":"wp","href":"https:\/\/api.w.org\/{rel}","templated":true}]}}