{"id":7217,"date":"2018-12-10T16:38:52","date_gmt":"2018-12-10T15:38:52","guid":{"rendered":"http:\/\/sfrua.pt\/?p=7217"},"modified":"2026-04-08T16:06:02","modified_gmt":"2026-04-08T16:06:02","slug":"sarau-de-natal-2018","status":"publish","type":"post","link":"https:\/\/www.sfrua.pt\/?p=7217","title":{"rendered":"Fotos: Sarau de Natal 2018"},"content":{"rendered":"<p><a href=\"http:\/\/sfrua.pt\/wp-content\/uploads\/2018\/12\/DSC_0711-2.jpg\"><img loading=\"lazy\" decoding=\"async\" class=\"alignnone size-large wp-image-7219\" src=\"http:\/\/sfrua.pt\/wp-content\/uploads\/2018\/12\/DSC_0711-2-1024x578.jpg\" alt=\"\" width=\"1024\" height=\"578\" \/><\/a><\/p>\n<p>Decorreu neste s\u00e1bado, 8 de dezembro no nosso pavilh\u00e3o o Sarau de Natal da SFRUA\u00a0com a participa\u00e7\u00e3o das diversas modalidades.<br \/>\nEste sarau teve uma campanha solid\u00e1ria de recolha de alimentos, numa parceria entre a SFRUA e o &#8220;Motos Alius Vetus Amigos&#8221;, que ser\u00e3o entregues \u00e0 Funda\u00e7\u00e3o Santa Rafaela Maria (Tasse), na Fonte da Prata, com o apoio da C\u00e2mara Municipal da Moita e da Junta de Freguesia de Alhos Vedros.<\/p>\n<p><a href=\"https:\/\/photos.app.goo.gl\/zrjvChqQyGVMfpFq9\" target=\"_blank\" rel=\"noopener\">CLICAR PARA VER MAIS FOTOS<\/a><\/p>\n","protected":false},"excerpt":{"rendered":"<p>Decorreu neste s\u00e1bado, 8 de dezembro no nosso pavilh\u00e3o o Sarau de Natal da SFRUA\u00a0com a participa\u00e7\u00e3o das diversas modalidades. Este sarau teve uma campanha solid\u00e1ria de recolha de alimentos, numa parceria entre a SFRUA e o &#8220;Motos Alius Vetus Amigos&#8221;, que ser\u00e3o entregues \u00e0 Funda\u00e7\u00e3o Santa Rafaela Maria (Tasse), na Fonte da Prata, com [&hellip;]<\/p>\n","protected":false},"author":1,"featured_media":11319,"comment_status":"closed","ping_status":"closed","sticky":false,"template":"","format":"standard","meta":{"footnotes":""},"categories":[24,330],"tags":[254,255],"class_list":["post-7217","post","type-post","status-publish","format-standard","has-post-thumbnail","hentry","category-fotos","category-saraus","tag-sarau-de-natal","tag-saraus"],"views":429,"_links":{"self":[{"href":"https:\/\/www.sfrua.pt\/index.php?rest_route=\/wp\/v2\/posts\/7217","targetHints":{"allow":["GET"]}}],"collection":[{"href":"https:\/\/www.sfrua.pt\/index.php?rest_route=\/wp\/v2\/posts"}],"about":[{"href":"https:\/\/www.sfrua.pt\/index.php?rest_route=\/wp\/v2\/types\/post"}],"author":[{"embeddable":true,"href":"https:\/\/www.sfrua.pt\/index.php?rest_route=\/wp\/v2\/users\/1"}],"replies":[{"embeddable":true,"href":"https:\/\/www.sfrua.pt\/index.php?rest_route=%2Fwp%2Fv2%2Fcomments&post=7217"}],"version-history":[{"count":1,"href":"https:\/\/www.sfrua.pt\/index.php?rest_route=\/wp\/v2\/posts\/7217\/revisions"}],"predecessor-version":[{"id":11320,"href":"https:\/\/www.sfrua.pt\/index.php?rest_route=\/wp\/v2\/posts\/7217\/revisions\/11320"}],"wp:featuredmedia":[{"embeddable":true,"href":"https:\/\/www.sfrua.pt\/index.php?rest_route=\/wp\/v2\/media\/11319"}],"wp:attachment":[{"href":"https:\/\/www.sfrua.pt\/index.php?rest_route=%2Fwp%2Fv2%2Fmedia&parent=7217"}],"wp:term":[{"taxonomy":"category","embeddable":true,"href":"https:\/\/www.sfrua.pt\/index.php?rest_route=%2Fwp%2Fv2%2Fcategories&post=7217"},{"taxonomy":"post_tag","embeddable":true,"href":"https:\/\/www.sfrua.pt\/index.php?rest_route=%2Fwp%2Fv2%2Ftags&post=7217"}],"curies":[{"name":"wp","href":"https:\/\/api.w.org\/{rel}","templated":true}]}}