{"id":7628,"date":"2010-10-11T00:42:56","date_gmt":"2010-10-10T23:42:56","guid":{"rendered":"http:\/\/sfrua.pt\/?p=7628"},"modified":"2010-10-11T00:42:56","modified_gmt":"2010-10-10T23:42:56","slug":"patinagem-participacao-na-27a-seixaliada","status":"publish","type":"post","link":"https:\/\/www.sfrua.pt\/?p=7628","title":{"rendered":"Patinagem: Participa\u00e7\u00e3o na 27\u00aa SEIXAL\u00cdADA"},"content":{"rendered":"<p><a href=\"http:\/\/sfrua.pt\/wp-content\/uploads\/2018\/12\/20101010-seixaliadas.jpg\"><img loading=\"lazy\" decoding=\"async\" class=\"alignnone wp-image-7630\" src=\"http:\/\/sfrua.pt\/wp-content\/uploads\/2018\/12\/20101010-seixaliadas.jpg\" alt=\"\" width=\"640\" height=\"480\" \/><\/a><a href=\"http:\/\/sfrua.pt\/wp-content\/uploads\/2010\/10\/27seixaliada.jpg\"><img loading=\"lazy\" decoding=\"async\" class=\"alignnone size-full wp-image-7632\" src=\"http:\/\/sfrua.pt\/wp-content\/uploads\/2010\/10\/27seixaliada.jpg\" alt=\"\" width=\"287\" height=\"92\" \/><\/a><\/p>\n<p>Realizou-se no passado dia 09 de Outubro, a 27\u00aa Seixal\u00edada, onde a S.F.R.U.A. esteve representada na modalidade de Patinagem Art\u00edstica, por uma equipa de 8 atletas e onde alcan\u00e7amos o 6\u00ba lugar da classifica\u00e7\u00e3o geral.<br \/>\nOs nossos atletas tiveram a oportunidade de participar numa prova, em que o principal objectivo \u00e9 valorizar o trabalho de equipa. Fizeram-no com muita dignidade e alegria.<br \/>\nO nosso agradecimento a todos eles, bem como, \u00e0 equipa t\u00e9cnica\u00a0Bruno Costa\u00a0e\u00a0Raquel Pires.<\/p>\n<hr \/>\n<p><span style=\"font-weight: 400;\">No \u00e2mbito das actividades desportivas da\u00a0<\/span><strong><em>27\u00aa Seixal\u00edada<\/em><\/strong><span style=\"font-weight: 400;\">, a S.F.R.U.A foi mais uma vez convidada a participar no torneio de Patinagem Art\u00edstica.\u00a0<\/span><br style=\"font-weight: 400;\" \/><strong>O evento realizou-se no Pavilh\u00e3o do\u00a0<em>Clube do Pessoal da Siderurgia Nacional<\/em>\u00a0<\/strong><\/p>\n<p style=\"font-weight: 400;\">Participaram:<\/p>\n<table style=\"font-weight: 400;\">\n<tbody>\n<tr>\n<td width=\"187\"><strong>Atleta<\/strong><\/td>\n<td width=\"187\"><strong>Categoria<\/strong><\/td>\n<\/tr>\n<tr>\n<td width=\"187\">Marta Viegas<\/td>\n<td width=\"187\">Infantil<\/td>\n<\/tr>\n<tr>\n<td width=\"187\">Rita Fernandes<\/td>\n<td width=\"187\">Infantil<\/td>\n<\/tr>\n<tr>\n<td width=\"187\">In\u00eas Pereira<\/td>\n<td width=\"187\">Iniciada<\/td>\n<\/tr>\n<tr>\n<td width=\"187\">M\u00f3nica Gon\u00e7alves<\/td>\n<td width=\"187\">Iniciada<\/td>\n<\/tr>\n<tr>\n<td width=\"187\">Pedro Rodrigues<\/td>\n<td width=\"187\">Cadete<\/td>\n<\/tr>\n<tr>\n<td width=\"187\">Andreia Bernardo<\/td>\n<td width=\"187\">Cadete<\/td>\n<\/tr>\n<tr>\n<td width=\"187\">Eliana Pereira<\/td>\n<td width=\"187\">Juvenil<\/td>\n<\/tr>\n<tr>\n<td width=\"187\">Sofia Fonseca<\/td>\n<td width=\"187\">J\u00fanior<\/td>\n<\/tr>\n<\/tbody>\n<\/table>\n<p>Colabora\u00e7\u00e3o:\u00a0<img loading=\"lazy\" decoding=\"async\" src=\"http:\/\/graca-cabeleireiro.com\/sfrua\/pics\/patins.jpg\" width=\"69\" height=\"70\" border=\"0\" \/>Sec\u00e7\u00e3o de Patinagem Art\u00edstica<\/p>\n","protected":false},"excerpt":{"rendered":"<p>Realizou-se no passado dia 09 de Outubro, a 27\u00aa Seixal\u00edada, onde a S.F.R.U.A. esteve representada na modalidade de Patinagem Art\u00edstica, por uma equipa de 8 atletas e onde alcan\u00e7amos o 6\u00ba lugar da classifica\u00e7\u00e3o geral. Os nossos atletas tiveram a oportunidade de participar numa prova, em que o principal objectivo \u00e9 valorizar o trabalho de [&hellip;]<\/p>\n","protected":false},"author":1,"featured_media":7630,"comment_status":"closed","ping_status":"closed","sticky":false,"template":"","format":"standard","meta":{"footnotes":""},"categories":[33],"tags":[224],"class_list":["post-7628","post","type-post","status-publish","format-standard","has-post-thumbnail","hentry","category-patinagem","tag-patinagem-2010-11"],"views":427,"_links":{"self":[{"href":"https:\/\/www.sfrua.pt\/index.php?rest_route=\/wp\/v2\/posts\/7628","targetHints":{"allow":["GET"]}}],"collection":[{"href":"https:\/\/www.sfrua.pt\/index.php?rest_route=\/wp\/v2\/posts"}],"about":[{"href":"https:\/\/www.sfrua.pt\/index.php?rest_route=\/wp\/v2\/types\/post"}],"author":[{"embeddable":true,"href":"https:\/\/www.sfrua.pt\/index.php?rest_route=\/wp\/v2\/users\/1"}],"replies":[{"embeddable":true,"href":"https:\/\/www.sfrua.pt\/index.php?rest_route=%2Fwp%2Fv2%2Fcomments&post=7628"}],"version-history":[{"count":0,"href":"https:\/\/www.sfrua.pt\/index.php?rest_route=\/wp\/v2\/posts\/7628\/revisions"}],"wp:featuredmedia":[{"embeddable":true,"href":"https:\/\/www.sfrua.pt\/index.php?rest_route=\/"}],"wp:attachment":[{"href":"https:\/\/www.sfrua.pt\/index.php?rest_route=%2Fwp%2Fv2%2Fmedia&parent=7628"}],"wp:term":[{"taxonomy":"category","embeddable":true,"href":"https:\/\/www.sfrua.pt\/index.php?rest_route=%2Fwp%2Fv2%2Fcategories&post=7628"},{"taxonomy":"post_tag","embeddable":true,"href":"https:\/\/www.sfrua.pt\/index.php?rest_route=%2Fwp%2Fv2%2Ftags&post=7628"}],"curies":[{"name":"wp","href":"https:\/\/api.w.org\/{rel}","templated":true}]}}