{"id":7635,"date":"2010-09-12T00:48:46","date_gmt":"2010-09-11T23:48:46","guid":{"rendered":"http:\/\/sfrua.pt\/?p=7635"},"modified":"2010-09-12T00:48:46","modified_gmt":"2010-09-11T23:48:46","slug":"patinagem-exibicao-na-festa-do-avante-atalaia-seixal","status":"publish","type":"post","link":"https:\/\/www.sfrua.pt\/?p=7635","title":{"rendered":"Patinagem: Exibi\u00e7\u00e3o na festa do avante (Atalaia\/Seixal)"},"content":{"rendered":"<p><a href=\"http:\/\/sfrua.pt\/wp-content\/uploads\/2018\/12\/20100912-festa-avante.jpg\"><img loading=\"lazy\" decoding=\"async\" class=\"alignnone size-full wp-image-7637\" src=\"http:\/\/sfrua.pt\/wp-content\/uploads\/2018\/12\/20100912-festa-avante.jpg\" alt=\"\" width=\"480\" height=\"360\" \/><\/a><\/p>\n<p>A SFRUA teve a honra em participar nos eventos desportivos realizados na Festa do Avante na modalidade de Patinagem Art\u00edstica com 6 esquemas de grupo, onde destacamos o esquema dedicado aos 25 anos do tema musical \u201cCarvalhesa\u201d. Foi sem d\u00favida um momento inesquec\u00edvel para quem partilhou esta festa connosco.<\/p>\n<p>Um obrigada aos nossos atletas que conseguiram p\u00f4r o p\u00fablico ao rubro, um obrigada ao nosso treinador pelo trabalho desenvolvido, um obrigada ao H\u00f3quei Clube e Patinagem de Gr\u00e2ndola que se divertiu connosco e tamb\u00e9m um obrigada a todos os que estiveram presentes.<\/p>\n<p style=\"font-weight: 400;\">Colabora\u00e7\u00e3o: A Sec\u00e7\u00e3o de Patinagem Art\u00edstica<\/p>\n<p><iframe loading=\"lazy\" width=\"1320\" height=\"743\" src=\"https:\/\/www.youtube.com\/embed\/bnsfcjo8dGw?feature=oembed\" frameborder=\"0\" allow=\"accelerometer; autoplay; encrypted-media; gyroscope; picture-in-picture\" allowfullscreen><\/iframe><\/p>\n<p>&nbsp;<\/p>\n","protected":false},"excerpt":{"rendered":"<p>A SFRUA teve a honra em participar nos eventos desportivos realizados na Festa do Avante na modalidade de Patinagem Art\u00edstica com 6 esquemas de grupo, onde destacamos o esquema dedicado aos 25 anos do tema musical \u201cCarvalhesa\u201d. Foi sem d\u00favida um momento inesquec\u00edvel para quem partilhou esta festa connosco. Um obrigada aos nossos atletas que [&hellip;]<\/p>\n","protected":false},"author":1,"featured_media":7637,"comment_status":"closed","ping_status":"closed","sticky":false,"template":"","format":"standard","meta":{"footnotes":""},"categories":[33],"tags":[224],"class_list":["post-7635","post","type-post","status-publish","format-standard","has-post-thumbnail","hentry","category-patinagem","tag-patinagem-2010-11"],"views":427,"_links":{"self":[{"href":"https:\/\/www.sfrua.pt\/index.php?rest_route=\/wp\/v2\/posts\/7635","targetHints":{"allow":["GET"]}}],"collection":[{"href":"https:\/\/www.sfrua.pt\/index.php?rest_route=\/wp\/v2\/posts"}],"about":[{"href":"https:\/\/www.sfrua.pt\/index.php?rest_route=\/wp\/v2\/types\/post"}],"author":[{"embeddable":true,"href":"https:\/\/www.sfrua.pt\/index.php?rest_route=\/wp\/v2\/users\/1"}],"replies":[{"embeddable":true,"href":"https:\/\/www.sfrua.pt\/index.php?rest_route=%2Fwp%2Fv2%2Fcomments&post=7635"}],"version-history":[{"count":0,"href":"https:\/\/www.sfrua.pt\/index.php?rest_route=\/wp\/v2\/posts\/7635\/revisions"}],"wp:featuredmedia":[{"embeddable":true,"href":"https:\/\/www.sfrua.pt\/index.php?rest_route=\/"}],"wp:attachment":[{"href":"https:\/\/www.sfrua.pt\/index.php?rest_route=%2Fwp%2Fv2%2Fmedia&parent=7635"}],"wp:term":[{"taxonomy":"category","embeddable":true,"href":"https:\/\/www.sfrua.pt\/index.php?rest_route=%2Fwp%2Fv2%2Fcategories&post=7635"},{"taxonomy":"post_tag","embeddable":true,"href":"https:\/\/www.sfrua.pt\/index.php?rest_route=%2Fwp%2Fv2%2Ftags&post=7635"}],"curies":[{"name":"wp","href":"https:\/\/api.w.org\/{rel}","templated":true}]}}