{"id":7793,"date":"2019-01-15T13:38:19","date_gmt":"2019-01-15T12:38:19","guid":{"rendered":"http:\/\/sfrua.pt\/?p=7793"},"modified":"2025-12-10T16:23:39","modified_gmt":"2025-12-10T16:23:39","slug":"ballet-e-passistas-da-sfrua-na-esc-sec-moita","status":"publish","type":"post","link":"https:\/\/www.sfrua.pt\/?p=7793","title":{"rendered":"Ballet e Passistas da SFRUA na Escola Sec. da Moita"},"content":{"rendered":"<p><a href=\"https:\/\/photos.app.goo.gl\/HG7cQ5BVhDa7vn6m6\" target=\"_blank\" rel=\"noopener\"><img loading=\"lazy\" decoding=\"async\" class=\"alignnone wp-image-7795 size-full\" src=\"http:\/\/sfrua.pt\/wp-content\/uploads\/2019\/01\/IMG-20190115-WA0018.jpg\" alt=\"\" width=\"1296\" height=\"864\" \/><\/a><\/p>\n<p><a href=\"https:\/\/photos.app.goo.gl\/HG7cQ5BVhDa7vn6m6\" target=\"_blank\" rel=\"noopener\">CLICAR PARA VER MAIS FOTOS<\/a><br \/>\n(Colabora\u00e7\u00e3o de: Teresa Machado e Associa\u00e7\u00e3o de Estudantes do Agrupamento de Escolas da Moita)<\/p>\n<p>As nossas Passistas e o Ballet\/Dan\u00e7a Contempor\u00e2nea participaram numa festa de angaria\u00e7\u00e3o de fundos organizada pela Associa\u00e7\u00e3o de Estudantes do Agrupamento de Escolas da Moita no passado dia 12 de janeiro de 2019.<\/p>\n<p>Ver cartaz do evento <a href=\"http:\/\/www.movimentoassociativo.cm-moita.pt\/pages\/1235?event_id=1992\" target=\"_blank\" rel=\"noopener\">aqui\u00a0<\/a><\/p>\n","protected":false},"excerpt":{"rendered":"<p>CLICAR PARA VER MAIS FOTOS (Colabora\u00e7\u00e3o de: Teresa Machado e Associa\u00e7\u00e3o de Estudantes do Agrupamento de Escolas da Moita) As nossas Passistas e o Ballet\/Dan\u00e7a Contempor\u00e2nea participaram numa festa de angaria\u00e7\u00e3o de fundos organizada pela Associa\u00e7\u00e3o de Estudantes do Agrupamento de Escolas da Moita no passado dia 12 de janeiro de 2019. Ver cartaz do [&hellip;]<\/p>\n","protected":false},"author":1,"featured_media":10624,"comment_status":"closed","ping_status":"closed","sticky":false,"template":"","format":"standard","meta":{"footnotes":""},"categories":[16,24,32],"tags":[77,220],"class_list":["post-7793","post","type-post","status-publish","format-standard","has-post-thumbnail","hentry","category-ballet","category-fotos","category-passistas","tag-ballet-2018-19","tag-passistas"],"views":606,"_links":{"self":[{"href":"https:\/\/www.sfrua.pt\/index.php?rest_route=\/wp\/v2\/posts\/7793","targetHints":{"allow":["GET"]}}],"collection":[{"href":"https:\/\/www.sfrua.pt\/index.php?rest_route=\/wp\/v2\/posts"}],"about":[{"href":"https:\/\/www.sfrua.pt\/index.php?rest_route=\/wp\/v2\/types\/post"}],"author":[{"embeddable":true,"href":"https:\/\/www.sfrua.pt\/index.php?rest_route=\/wp\/v2\/users\/1"}],"replies":[{"embeddable":true,"href":"https:\/\/www.sfrua.pt\/index.php?rest_route=%2Fwp%2Fv2%2Fcomments&post=7793"}],"version-history":[{"count":1,"href":"https:\/\/www.sfrua.pt\/index.php?rest_route=\/wp\/v2\/posts\/7793\/revisions"}],"predecessor-version":[{"id":10625,"href":"https:\/\/www.sfrua.pt\/index.php?rest_route=\/wp\/v2\/posts\/7793\/revisions\/10625"}],"wp:featuredmedia":[{"embeddable":true,"href":"https:\/\/www.sfrua.pt\/index.php?rest_route=\/wp\/v2\/media\/10624"}],"wp:attachment":[{"href":"https:\/\/www.sfrua.pt\/index.php?rest_route=%2Fwp%2Fv2%2Fmedia&parent=7793"}],"wp:term":[{"taxonomy":"category","embeddable":true,"href":"https:\/\/www.sfrua.pt\/index.php?rest_route=%2Fwp%2Fv2%2Fcategories&post=7793"},{"taxonomy":"post_tag","embeddable":true,"href":"https:\/\/www.sfrua.pt\/index.php?rest_route=%2Fwp%2Fv2%2Ftags&post=7793"}],"curies":[{"name":"wp","href":"https:\/\/api.w.org\/{rel}","templated":true}]}}