{"id":7919,"date":"2019-03-08T23:22:17","date_gmt":"2019-03-08T22:22:17","guid":{"rendered":"http:\/\/sfrua.pt\/?p=7919"},"modified":"2019-03-08T23:22:17","modified_gmt":"2019-03-08T22:22:17","slug":"faleceu-antigo-presidente-da-assembleia-geral","status":"publish","type":"post","link":"https:\/\/www.sfrua.pt\/?p=7919","title":{"rendered":"Faleceu antigo Presidente da Assembleia Geral"},"content":{"rendered":"<p><a href=\"http:\/\/sfrua.pt\/wp-content\/uploads\/2019\/03\/DSC_0102.jpg\"><img loading=\"lazy\" decoding=\"async\" class=\"alignnone size-medium wp-image-7921\" src=\"http:\/\/sfrua.pt\/wp-content\/uploads\/2019\/03\/DSC_0102-290x300.jpg\" alt=\"\" width=\"290\" height=\"300\" \/><\/a><\/p>\n<p>Faleceu hoje, aos 87 anos (28\/04\/1931), Foch Marques Gomes.<\/p>\n<p>Foi Presidente da Assembleia Geral da S.F.R.U.A. e membro activo do movimento associativo de Alhos Vedros, al\u00e9m de \u201cA Velhinha\u201d, no Clube Recreio e Instru\u00e7\u00e3o (CRI) e na Santa Casa da Miseric\u00f3rdia, onde foi o seu Provedor durante 12 anos.<\/p>\n<p>A Dire\u00e7\u00e3o da Sociedade Filarm\u00f3nica Recreio e Uni\u00e3o Alhosvedrense\u00a0 apresenta as mais sentidas condol\u00eancias \u00e0 sua fam\u00edlia.<\/p>\n<p>&nbsp;<\/p>\n","protected":false},"excerpt":{"rendered":"<p>Faleceu hoje, aos 87 anos (28\/04\/1931), Foch Marques Gomes. Foi Presidente da Assembleia Geral da S.F.R.U.A. e membro activo do movimento associativo de Alhos Vedros, al\u00e9m de \u201cA Velhinha\u201d, no Clube Recreio e Instru\u00e7\u00e3o (CRI) e na Santa Casa da Miseric\u00f3rdia, onde foi o seu Provedor durante 12 anos. A Dire\u00e7\u00e3o da Sociedade Filarm\u00f3nica Recreio [&hellip;]<\/p>\n","protected":false},"author":1,"featured_media":7921,"comment_status":"closed","ping_status":"closed","sticky":false,"template":"","format":"standard","meta":{"footnotes":""},"categories":[36],"tags":[279],"class_list":["post-7919","post","type-post","status-publish","format-standard","has-post-thumbnail","hentry","category-noticias","tag-velhinha"],"views":450,"_links":{"self":[{"href":"https:\/\/www.sfrua.pt\/index.php?rest_route=\/wp\/v2\/posts\/7919","targetHints":{"allow":["GET"]}}],"collection":[{"href":"https:\/\/www.sfrua.pt\/index.php?rest_route=\/wp\/v2\/posts"}],"about":[{"href":"https:\/\/www.sfrua.pt\/index.php?rest_route=\/wp\/v2\/types\/post"}],"author":[{"embeddable":true,"href":"https:\/\/www.sfrua.pt\/index.php?rest_route=\/wp\/v2\/users\/1"}],"replies":[{"embeddable":true,"href":"https:\/\/www.sfrua.pt\/index.php?rest_route=%2Fwp%2Fv2%2Fcomments&post=7919"}],"version-history":[{"count":0,"href":"https:\/\/www.sfrua.pt\/index.php?rest_route=\/wp\/v2\/posts\/7919\/revisions"}],"wp:featuredmedia":[{"embeddable":true,"href":"https:\/\/www.sfrua.pt\/index.php?rest_route=\/"}],"wp:attachment":[{"href":"https:\/\/www.sfrua.pt\/index.php?rest_route=%2Fwp%2Fv2%2Fmedia&parent=7919"}],"wp:term":[{"taxonomy":"category","embeddable":true,"href":"https:\/\/www.sfrua.pt\/index.php?rest_route=%2Fwp%2Fv2%2Fcategories&post=7919"},{"taxonomy":"post_tag","embeddable":true,"href":"https:\/\/www.sfrua.pt\/index.php?rest_route=%2Fwp%2Fv2%2Ftags&post=7919"}],"curies":[{"name":"wp","href":"https:\/\/api.w.org\/{rel}","templated":true}]}}