{"id":7941,"date":"2019-03-18T18:14:12","date_gmt":"2019-03-18T17:14:12","guid":{"rendered":"http:\/\/sfrua.pt\/?p=7941"},"modified":"2026-04-07T15:06:12","modified_gmt":"2026-04-07T15:06:12","slug":"6-titulos-de-campeoes-regionais-em-tri-trs-para-a-sfrua","status":"publish","type":"post","link":"https:\/\/www.sfrua.pt\/?p=7941","title":{"rendered":"6 t\u00edtulos de Campe\u00f5es Regionais em TRI \/ TRS para a SFRUA"},"content":{"rendered":"<p><a href=\"https:\/\/photos.app.goo.gl\/Rqob381EbRNmyBRGA\" target=\"_blank\" rel=\"noopener noreferrer\"><img loading=\"lazy\" decoding=\"async\" class=\"alignnone wp-image-7943 size-full\" src=\"http:\/\/sfrua.pt\/wp-content\/uploads\/2019\/03\/2019.03.16-013.jpg\" alt=\"\" width=\"1619\" height=\"1080\" \/><\/a><\/p>\n<p><a href=\"https:\/\/photos.app.goo.gl\/Rqob381EbRNmyBRGA\" target=\"_blank\" rel=\"noopener noreferrer\">CLICAR PARA VER MAIS FOTOS<\/a><\/p>\n<hr \/>\n<p><span style=\"color: #000000;\">Decorreu no passado dia 16 de Mar\u00e7o, no Pavilh\u00e3o Municipal do Alto do Moinho (Concelho do Seixal) o Campeonato Regional de Trampolim Individual e Trampolim Sincronizado.<\/span><\/p>\n<p><span style=\"color: #000000;\">Foram 13 os ginastas da SFRUA em prova, dos quais 9 ficaram apurados para o Campeonato Nacional de TRI\/TRS, a decorrer em Sangalhos nos dias 11 e 12 de Maio, para os Ginastas de 1\u00aa Divis\u00e3o, e em Loul\u00e9 nos dias 25 e 26 de Maio, para os Ginastas de Divis\u00e3o Base.<\/span><\/p>\n<p><span style=\"color: #000000;\">Destaque para <strong>R\u00faben Antunes <\/strong>e<strong> In\u00eas Reis<\/strong>, que alcan\u00e7aram o t\u00edtulo de Campe\u00f5es Regionais em Trampolim Individual e em Trampolim Sincronizado com os respetivos pares (<strong>Miguel Bacalhau, Teresa Valente<\/strong> &#8211; GSC). Destaque tamb\u00e9m para\u00a0<strong>Tiago Ramos e Bruno Catarino<\/strong> (GCM) que alcan\u00e7aram o t\u00edtulo de Campe\u00f5es Regionais em Trampolim Sincronizado. \u00c9 ainda Campe\u00e3 Regional a Equipa de Iniciados Femininos, composta por <strong>Marta Madeira, Marta Cavaco, Laura Madeira <\/strong>e <strong>Beatriz Gavinhos.<\/strong><\/span><\/p>\n<p>Os Principais resultados:<br \/>\n(aguardam-se os restantes)<\/p>\n<p><span style=\"color: #000000;\">\u00a0<\/span><\/p>\n<p><strong>RESULTADOS &#8211; TRI<\/strong><b>:<\/b><\/p>\n<p><strong><u>Iniciados Femininos &#8211; 1\u00aa Divis\u00e3o:<\/u><\/strong><br \/>\nIn\u00eas Reis &#8211; Campe\u00e3 Regional<\/p>\n<p><strong><u>Iniciados Masculinos &#8211; Base:<\/u><\/strong><\/p>\n<p>R\u00faben Antunes \u2013 Campe\u00e3o Regional<\/p>\n<p>Equipa Iniciados Femininos &#8211; Base:<\/p>\n<p>Marta Madeira, Marta Cavaco, Laura Madeira e Beatriz Gavinhos\u00a0\u2013 Campe\u00e3s Regionais<\/p>\n<p>Equipa Iniciados Masculinos &#8211; Base:<b><\/b><i><\/i><u><\/u><\/p>\n<p>R\u00faben Antunes, Miguel Bacalhau e\u00a0Ruben Tadeu \u2013 3\u00ba<\/p>\n<p><strong>RESULTADOS &#8211; TRS<\/strong><b>:<\/b><\/p>\n<p><strong><u>Iniciados Femininos &#8211; 1\u00aa Divis\u00e3o:<\/u><\/strong><br \/>\nIn\u00eas Reis \/ Teresa Valente (GSC) &#8211; Campe\u00e3s Regionais<\/p>\n<p><strong><u>Iniciados Masculinos &#8211; Base:<\/u><\/strong><\/p>\n<p>Miguel Bacalhau \/ R\u00faben Antunes \u2013 Campe\u00f5es Regionais<\/p>\n<p><strong><u>Juniores Femininos &#8211; 1\u00aa Divis\u00e3o:<\/u><\/strong><\/p>\n<p>Ana Soares \/ Bruna Vitorino (CCRAM) \u2013 3\u00ba<\/p>\n<p><strong><u>Juniores Masculinos &#8211; 1\u00aa Divis\u00e3o:<\/u><\/strong><\/p>\n<p>Tiago Ramos \/ Bruno Catarino (GCM) \u2013 Campe\u00f5es Regionais<\/p>\n<p><span style=\"color: #000000;\">Todos os ginastas est\u00e3o de parab\u00e9ns pelo excelente desempenho, bem como a treinadora Rita Reis, pelo excelente trabalho!<\/span><\/p>\n","protected":false},"excerpt":{"rendered":"<p>CLICAR PARA VER MAIS FOTOS Decorreu no passado dia 16 de Mar\u00e7o, no Pavilh\u00e3o Municipal do Alto do Moinho (Concelho do Seixal) o Campeonato Regional de Trampolim Individual e Trampolim Sincronizado. Foram 13 os ginastas da SFRUA em prova, dos quais 9 ficaram apurados para o Campeonato Nacional de TRI\/TRS, a decorrer em Sangalhos nos [&hellip;]<\/p>\n","protected":false},"author":1,"featured_media":11055,"comment_status":"closed","ping_status":"closed","sticky":false,"template":"","format":"standard","meta":{"footnotes":""},"categories":[24,26,38],"tags":[188],"class_list":["post-7941","post","type-post","status-publish","format-standard","has-post-thumbnail","hentry","category-fotos","category-ginastica","category-trampolins","tag-ginastica-2018-19"],"views":438,"_links":{"self":[{"href":"https:\/\/www.sfrua.pt\/index.php?rest_route=\/wp\/v2\/posts\/7941","targetHints":{"allow":["GET"]}}],"collection":[{"href":"https:\/\/www.sfrua.pt\/index.php?rest_route=\/wp\/v2\/posts"}],"about":[{"href":"https:\/\/www.sfrua.pt\/index.php?rest_route=\/wp\/v2\/types\/post"}],"author":[{"embeddable":true,"href":"https:\/\/www.sfrua.pt\/index.php?rest_route=\/wp\/v2\/users\/1"}],"replies":[{"embeddable":true,"href":"https:\/\/www.sfrua.pt\/index.php?rest_route=%2Fwp%2Fv2%2Fcomments&post=7941"}],"version-history":[{"count":1,"href":"https:\/\/www.sfrua.pt\/index.php?rest_route=\/wp\/v2\/posts\/7941\/revisions"}],"predecessor-version":[{"id":11056,"href":"https:\/\/www.sfrua.pt\/index.php?rest_route=\/wp\/v2\/posts\/7941\/revisions\/11056"}],"wp:featuredmedia":[{"embeddable":true,"href":"https:\/\/www.sfrua.pt\/index.php?rest_route=\/wp\/v2\/media\/11055"}],"wp:attachment":[{"href":"https:\/\/www.sfrua.pt\/index.php?rest_route=%2Fwp%2Fv2%2Fmedia&parent=7941"}],"wp:term":[{"taxonomy":"category","embeddable":true,"href":"https:\/\/www.sfrua.pt\/index.php?rest_route=%2Fwp%2Fv2%2Fcategories&post=7941"},{"taxonomy":"post_tag","embeddable":true,"href":"https:\/\/www.sfrua.pt\/index.php?rest_route=%2Fwp%2Fv2%2Ftags&post=7941"}],"curies":[{"name":"wp","href":"https:\/\/api.w.org\/{rel}","templated":true}]}}