{"id":7991,"date":"2019-04-18T17:07:24","date_gmt":"2019-04-18T16:07:24","guid":{"rendered":"http:\/\/sfrua.pt\/?p=7991"},"modified":"2026-04-07T14:33:27","modified_gmt":"2026-04-07T14:33:27","slug":"sfrua-na-xiii-gala-gimnica-de-aniversario-do-ccram","status":"publish","type":"post","link":"https:\/\/www.sfrua.pt\/?p=7991","title":{"rendered":"SFRUA na XIII Gala G\u00edmnica de Anivers\u00e1rio do CCRAM"},"content":{"rendered":"<div><a href=\"https:\/\/photos.app.goo.gl\/vynJQM8QRM5YhC2d7\" target=\"_blank\" rel=\"noopener noreferrer\"><img loading=\"lazy\" decoding=\"async\" class=\"alignnone wp-image-7994 size-full\" src=\"http:\/\/sfrua.pt\/wp-content\/uploads\/2019\/04\/2019.04.13trampolins-ccram-002.jpg\" alt=\"\" width=\"1619\" height=\"1080\" \/><\/a><\/div>\n<div>Realizou-se no passado dia 13 de abril, no Pavilh\u00e3o Municipal do Alto do Moinho, a XIII Gala G\u00edmnica de Anivers\u00e1rio do CCRAM \u2013 Centro Cultural e Recreativo do Alto do Moinho, que decorreu no \u00e2mbito das comemora\u00e7\u00f5es do seu 44\u00ba anivers\u00e1rio.<\/div>\n<div>\n<p>Esta gala conta com demonstra\u00e7\u00f5es das mais variadas modalidades g\u00edmnicas, na qual participaram alguns ginastas da SFRUA nas modalidades de Duplo Mini-Trampolim e Trampolim Individual.<span style=\"color: #888888;\"><br clear=\"all\" \/><\/span><\/p>\n<\/div>\n<p><a href=\"https:\/\/photos.app.goo.gl\/vynJQM8QRM5YhC2d7\" target=\"_blank\" rel=\"noopener noreferrer\">CLICAR PARA VER MAIS FOTOS<\/a><\/p>\n<hr \/>\n<hr \/>\n<p><iframe loading=\"lazy\" width=\"1320\" height=\"990\" src=\"https:\/\/www.youtube.com\/embed\/91XeMhDExqY?feature=oembed\" frameborder=\"0\" allow=\"accelerometer; autoplay; encrypted-media; gyroscope; picture-in-picture\" allowfullscreen><\/iframe><\/p>\n<p>&nbsp;<\/p>\n<p>&nbsp;<\/p>\n<p>&nbsp;<\/p>\n<p>&nbsp;<\/p>\n<p>&nbsp;<\/p>\n","protected":false},"excerpt":{"rendered":"<p>Realizou-se no passado dia 13 de abril, no Pavilh\u00e3o Municipal do Alto do Moinho, a XIII Gala G\u00edmnica de Anivers\u00e1rio do CCRAM \u2013 Centro Cultural e Recreativo do Alto do Moinho, que decorreu no \u00e2mbito das comemora\u00e7\u00f5es do seu 44\u00ba anivers\u00e1rio. Esta gala conta com demonstra\u00e7\u00f5es das mais variadas modalidades g\u00edmnicas, na qual participaram alguns [&hellip;]<\/p>\n","protected":false},"author":1,"featured_media":11016,"comment_status":"closed","ping_status":"closed","sticky":false,"template":"","format":"standard","meta":{"footnotes":""},"categories":[24,26,38,39],"tags":[188],"class_list":["post-7991","post","type-post","status-publish","format-standard","has-post-thumbnail","hentry","category-fotos","category-ginastica","category-trampolins","category-videos","tag-ginastica-2018-19"],"views":484,"_links":{"self":[{"href":"https:\/\/www.sfrua.pt\/index.php?rest_route=\/wp\/v2\/posts\/7991","targetHints":{"allow":["GET"]}}],"collection":[{"href":"https:\/\/www.sfrua.pt\/index.php?rest_route=\/wp\/v2\/posts"}],"about":[{"href":"https:\/\/www.sfrua.pt\/index.php?rest_route=\/wp\/v2\/types\/post"}],"author":[{"embeddable":true,"href":"https:\/\/www.sfrua.pt\/index.php?rest_route=\/wp\/v2\/users\/1"}],"replies":[{"embeddable":true,"href":"https:\/\/www.sfrua.pt\/index.php?rest_route=%2Fwp%2Fv2%2Fcomments&post=7991"}],"version-history":[{"count":1,"href":"https:\/\/www.sfrua.pt\/index.php?rest_route=\/wp\/v2\/posts\/7991\/revisions"}],"predecessor-version":[{"id":11017,"href":"https:\/\/www.sfrua.pt\/index.php?rest_route=\/wp\/v2\/posts\/7991\/revisions\/11017"}],"wp:featuredmedia":[{"embeddable":true,"href":"https:\/\/www.sfrua.pt\/index.php?rest_route=\/wp\/v2\/media\/11016"}],"wp:attachment":[{"href":"https:\/\/www.sfrua.pt\/index.php?rest_route=%2Fwp%2Fv2%2Fmedia&parent=7991"}],"wp:term":[{"taxonomy":"category","embeddable":true,"href":"https:\/\/www.sfrua.pt\/index.php?rest_route=%2Fwp%2Fv2%2Fcategories&post=7991"},{"taxonomy":"post_tag","embeddable":true,"href":"https:\/\/www.sfrua.pt\/index.php?rest_route=%2Fwp%2Fv2%2Ftags&post=7991"}],"curies":[{"name":"wp","href":"https:\/\/api.w.org\/{rel}","templated":true}]}}