{"id":8044,"date":"2019-04-30T14:05:51","date_gmt":"2019-04-30T13:05:51","guid":{"rendered":"http:\/\/sfrua.pt\/?p=8044"},"modified":"2026-04-07T15:02:26","modified_gmt":"2026-04-07T15:02:26","slug":"campeonato-nacional-base-duplo-mini-trampolim","status":"publish","type":"post","link":"https:\/\/www.sfrua.pt\/?p=8044","title":{"rendered":"Campeonato Nacional Base Duplo-mini Trampolim"},"content":{"rendered":"<p>&nbsp;<\/p>\n<p><a href=\"http:\/\/sfrua.pt\/wp-content\/uploads\/2019\/04\/DSC_0000-.jpg\"><img loading=\"lazy\" decoding=\"async\" class=\"alignnone size-full wp-image-8048\" src=\"http:\/\/sfrua.pt\/wp-content\/uploads\/2019\/04\/DSC_0000-.jpg\" alt=\"\" width=\"1920\" height=\"1282\" \/><\/a><\/p>\n<p><a href=\"https:\/\/photos.app.goo.gl\/iAfAX1UmUiBKsJMA9\" target=\"_blank\" rel=\"noopener noreferrer\">CLICAR PARA VER MAIS FOTOS<\/a><\/p>\n<p>Decorreu no Pavilh\u00e3o do Col\u00e9gio de Lamas, em St\u00aa Maria de Lamas, nos dias 27 e 28 de Abril, o Campeonato Nacional Base de Duplo-mini Trampolim.<\/p>\n<p>A SFRUA foi representadas pelos ginastas Marta Cavaco, Marta Madeira, Laura Madeira, Miguel Bacalhau, Ruben Tadeu e R\u00faben Antunes no escal\u00e3o de Iniciados, pelo ginasta Ivan Tadeu no escal\u00e3o de Juniores e pela ginasta Catarina Calisto no escal\u00e3o de S\u00e9niores.<\/p>\n<p><strong>RESULTADOS \u2013 DMT:<\/strong><\/p>\n<p>Iniciados Masculinos:<\/p>\n<p>Miguel Bacalhau \u2013 23\u00ba<br \/>\nR\u00faben Antunes \u2013 29\u00ba<br \/>\nR\u00faben Tadeu \u2013 34\u00ba<\/p>\n<p>Equipa Iniciados Masculinos:<br \/>\nMiguel Bacalhau, R\u00faben Antunes e R\u00faben Tadeu \u2013 5\u00ba<\/p>\n<p>Iniciados Femininos:<br \/>\nMarta Cavaco \u2013 72\u00ba<br \/>\nLaura Madeira \u2013 112\u00ba<br \/>\nMarta Madeira \u2013 143\u00ba<\/p>\n<p>Equipa Iniciados Femininos:<br \/>\nMarta Madeira, Marta Cavaco e Laura Madeira \u2013 28\u00ba<\/p>\n<p>Juniores Masculinos:<br \/>\nIvan Tadeu \u2013 6\u00ba<\/p>\n<p>Seniores Femininos:<br \/>\nCatarina Calisto \u2013 21\u00ba<\/p>\n<p>Todos os ginastas est\u00e3o de parab\u00e9ns pelo excelente desempenho, bem como a treinadora Rita Reis, pelo excelente trabalho!<\/p>\n<p>&nbsp;<\/p>\n","protected":false},"excerpt":{"rendered":"<p>&nbsp; CLICAR PARA VER MAIS FOTOS Decorreu no Pavilh\u00e3o do Col\u00e9gio de Lamas, em St\u00aa Maria de Lamas, nos dias 27 e 28 de Abril, o Campeonato Nacional Base de Duplo-mini Trampolim. A SFRUA foi representadas pelos ginastas Marta Cavaco, Marta Madeira, Laura Madeira, Miguel Bacalhau, Ruben Tadeu e R\u00faben Antunes no escal\u00e3o de Iniciados, [&hellip;]<\/p>\n","protected":false},"author":1,"featured_media":11046,"comment_status":"closed","ping_status":"closed","sticky":false,"template":"","format":"standard","meta":{"footnotes":""},"categories":[24,26,38],"tags":[188],"class_list":["post-8044","post","type-post","status-publish","format-standard","has-post-thumbnail","hentry","category-fotos","category-ginastica","category-trampolins","tag-ginastica-2018-19"],"views":456,"_links":{"self":[{"href":"https:\/\/www.sfrua.pt\/index.php?rest_route=\/wp\/v2\/posts\/8044","targetHints":{"allow":["GET"]}}],"collection":[{"href":"https:\/\/www.sfrua.pt\/index.php?rest_route=\/wp\/v2\/posts"}],"about":[{"href":"https:\/\/www.sfrua.pt\/index.php?rest_route=\/wp\/v2\/types\/post"}],"author":[{"embeddable":true,"href":"https:\/\/www.sfrua.pt\/index.php?rest_route=\/wp\/v2\/users\/1"}],"replies":[{"embeddable":true,"href":"https:\/\/www.sfrua.pt\/index.php?rest_route=%2Fwp%2Fv2%2Fcomments&post=8044"}],"version-history":[{"count":1,"href":"https:\/\/www.sfrua.pt\/index.php?rest_route=\/wp\/v2\/posts\/8044\/revisions"}],"predecessor-version":[{"id":11047,"href":"https:\/\/www.sfrua.pt\/index.php?rest_route=\/wp\/v2\/posts\/8044\/revisions\/11047"}],"wp:featuredmedia":[{"embeddable":true,"href":"https:\/\/www.sfrua.pt\/index.php?rest_route=\/wp\/v2\/media\/11046"}],"wp:attachment":[{"href":"https:\/\/www.sfrua.pt\/index.php?rest_route=%2Fwp%2Fv2%2Fmedia&parent=8044"}],"wp:term":[{"taxonomy":"category","embeddable":true,"href":"https:\/\/www.sfrua.pt\/index.php?rest_route=%2Fwp%2Fv2%2Fcategories&post=8044"},{"taxonomy":"post_tag","embeddable":true,"href":"https:\/\/www.sfrua.pt\/index.php?rest_route=%2Fwp%2Fv2%2Ftags&post=8044"}],"curies":[{"name":"wp","href":"https:\/\/api.w.org\/{rel}","templated":true}]}}