{"id":8379,"date":"2019-12-11T23:40:39","date_gmt":"2019-12-11T22:40:39","guid":{"rendered":"http:\/\/sfrua.pt\/?p=8379"},"modified":"2026-04-07T14:29:00","modified_gmt":"2026-04-07T14:29:00","slug":"sfrua-ana-soares-e-ines-reis-voaram-ate-ao-japao","status":"publish","type":"post","link":"https:\/\/www.sfrua.pt\/?p=8379","title":{"rendered":"SFRUA: Ana Soares e In\u00eas Reis voaram at\u00e9 ao Jap\u00e3o!"},"content":{"rendered":"\n<p>Foi no passado dia 30 de novembro que In\u00eas Reis e Ana Soares, juntamente com a treinadora Rita Reis, partiram rumo ao Jap\u00e3o, para a maior viagem das suas vidas&#8230; a participa\u00e7\u00e3o na 27\u00aa competi\u00e7\u00e3o mundial por grupos de idades.<br \/>\nForam v\u00e1rios meses de treinos de prepara\u00e7\u00e3o e algumas provas de apuramento, para que fosse poss\u00edvel chegar ao outro lado do mundo!<br \/>\nEsta prova realizou-se entre os dias 5 e 8 de dezembro e os dias que antecederam a prova foram de treino intenso.<br \/>\nIn\u00eas Reis foi a primeira a entrar em prova, no dia 5, em Trampolim Sincronizado (fazendo par com Teresa Valente, do Grupo Sportivo de Carcavelos). Nas qualificativas, as ginastas alcan\u00e7aram o 7\u00ba lugar, que lhes deu acesso \u00e0s finais, onde conseguiram um honroso 5\u00ba lugar.<br \/>\nNo dia 6, In\u00eas Reis volta a estar em prova, desta vez de forma individual, no Duplo-mini Trampolim. N\u00e3o conseguiu a passagem \u00e0s finais, tendo ficado em 21\u00ba lugar nas qualificativas.<br \/>\nDia 7 foi dia de descanso para as nossas ginastas, permitindo conhecer um pouco das maravilhas de T\u00f3quio.<br \/>\nAna Soares esteve em prova no dia 8, em Duplo-mini Trampolim, conseguindo o 25\u00ba lugar, o que tamb\u00e9m n\u00e3o permitiu o acesso \u00e0s finais.<\/p>\n<p>Parab\u00e9ns In\u00eas e Ana pela vossa presta\u00e7\u00e3o! Parab\u00e9ns por todo o vosso esfor\u00e7o e empenho ao longo da \u00e9poca, para que isto fosse poss\u00edvel!<br \/>\nUm agradecimento especial \u00e0 treinadora Rita Reis, sem a qual nada disto teria sido poss\u00edvel! Parab\u00e9ns! Excelente trabalho! Obrigada por levares a SFRUA ao outro lado do mundo!<\/p>\n<p>Obrigada a todos os que de alguma forma contribu\u00edram para que as nossas ginastas voassem at\u00e9 ao Jap\u00e3o!<br \/>\nAna Contente<br \/>\nDiretora Sec\u00e7\u00e3o de Gin\u00e1stica<br \/>\nSFRUA<\/p>\n","protected":false},"excerpt":{"rendered":"<p>Foi no passado dia 30 de novembro que In\u00eas Reis e Ana Soares, juntamente com a treinadora Rita Reis, partiram rumo ao Jap\u00e3o, para a maior viagem das suas vidas&#8230; a participa\u00e7\u00e3o na 27\u00aa competi\u00e7\u00e3o mundial por grupos de idades. Foram v\u00e1rios meses de treinos de prepara\u00e7\u00e3o e algumas provas de apuramento, para que fosse [&hellip;]<\/p>\n","protected":false},"author":1,"featured_media":10904,"comment_status":"closed","ping_status":"closed","sticky":false,"template":"","format":"standard","meta":{"footnotes":""},"categories":[24,26,38],"tags":[189],"class_list":["post-8379","post","type-post","status-publish","format-standard","has-post-thumbnail","hentry","category-fotos","category-ginastica","category-trampolins","tag-ginastica-2019-20"],"views":637,"_links":{"self":[{"href":"https:\/\/www.sfrua.pt\/index.php?rest_route=\/wp\/v2\/posts\/8379","targetHints":{"allow":["GET"]}}],"collection":[{"href":"https:\/\/www.sfrua.pt\/index.php?rest_route=\/wp\/v2\/posts"}],"about":[{"href":"https:\/\/www.sfrua.pt\/index.php?rest_route=\/wp\/v2\/types\/post"}],"author":[{"embeddable":true,"href":"https:\/\/www.sfrua.pt\/index.php?rest_route=\/wp\/v2\/users\/1"}],"replies":[{"embeddable":true,"href":"https:\/\/www.sfrua.pt\/index.php?rest_route=%2Fwp%2Fv2%2Fcomments&post=8379"}],"version-history":[{"count":1,"href":"https:\/\/www.sfrua.pt\/index.php?rest_route=\/wp\/v2\/posts\/8379\/revisions"}],"predecessor-version":[{"id":11010,"href":"https:\/\/www.sfrua.pt\/index.php?rest_route=\/wp\/v2\/posts\/8379\/revisions\/11010"}],"wp:featuredmedia":[{"embeddable":true,"href":"https:\/\/www.sfrua.pt\/index.php?rest_route=\/wp\/v2\/media\/10904"}],"wp:attachment":[{"href":"https:\/\/www.sfrua.pt\/index.php?rest_route=%2Fwp%2Fv2%2Fmedia&parent=8379"}],"wp:term":[{"taxonomy":"category","embeddable":true,"href":"https:\/\/www.sfrua.pt\/index.php?rest_route=%2Fwp%2Fv2%2Fcategories&post=8379"},{"taxonomy":"post_tag","embeddable":true,"href":"https:\/\/www.sfrua.pt\/index.php?rest_route=%2Fwp%2Fv2%2Ftags&post=8379"}],"curies":[{"name":"wp","href":"https:\/\/api.w.org\/{rel}","templated":true}]}}