{"id":8760,"date":"2020-07-15T10:30:40","date_gmt":"2020-07-15T09:30:40","guid":{"rendered":"http:\/\/sfrua.pt\/?p=8760"},"modified":"2020-07-15T10:30:40","modified_gmt":"2020-07-15T09:30:40","slug":"executivo-da-j-freguesia-de-a-vedros-em-reuniao-na-sfrua","status":"publish","type":"post","link":"https:\/\/www.sfrua.pt\/?p=8760","title":{"rendered":"Executivo da J. Freguesia de A. Vedros em reuni\u00e3o na SFRUA"},"content":{"rendered":"<p><a href=\"http:\/\/sfrua.pt\/wp-content\/uploads\/2020\/07\/junta.jpg\"><img loading=\"lazy\" decoding=\"async\" class=\"alignnone size-full wp-image-8762\" src=\"http:\/\/sfrua.pt\/wp-content\/uploads\/2020\/07\/junta.jpg\" alt=\"\" width=\"720\" height=\"540\" \/><\/a><br \/>\nO executivo da Junta de Freguesia de Alhos Vedros reuniu no dia 8 de julho com os dirigentes da SFRUA. Devido \u00e0 Pandemia COVID-19 a colectividade est\u00e1 a enfr<span class=\"text_exposed_show\">entar dificuldades.<br \/>\nCanceladas todas actividades, com uma enorme quebra nas receitas e encerrada desde o dia 19 de mar\u00e7o, tendo considera\u00e7\u00e3o a estes factos a Junta de Freguesia comprometeu-se a analisar, de forma a melhorar a situa\u00e7\u00e3o.<\/span><\/p>\n<p>Fonte: JF Alhos Vedros<\/p>\n","protected":false},"excerpt":{"rendered":"<p>O executivo da Junta de Freguesia de Alhos Vedros reuniu no dia 8 de julho com os dirigentes da SFRUA. Devido \u00e0 Pandemia COVID-19 a colectividade est\u00e1 a enfrentar dificuldades. Canceladas todas actividades, com uma enorme quebra nas receitas e encerrada desde o dia 19 de mar\u00e7o, tendo considera\u00e7\u00e3o a estes factos a Junta de [&hellip;]<\/p>\n","protected":false},"author":1,"featured_media":8762,"comment_status":"closed","ping_status":"closed","sticky":false,"template":"","format":"standard","meta":{"footnotes":""},"categories":[36],"tags":[],"class_list":["post-8760","post","type-post","status-publish","format-standard","has-post-thumbnail","hentry","category-noticias"],"views":479,"_links":{"self":[{"href":"https:\/\/www.sfrua.pt\/index.php?rest_route=\/wp\/v2\/posts\/8760","targetHints":{"allow":["GET"]}}],"collection":[{"href":"https:\/\/www.sfrua.pt\/index.php?rest_route=\/wp\/v2\/posts"}],"about":[{"href":"https:\/\/www.sfrua.pt\/index.php?rest_route=\/wp\/v2\/types\/post"}],"author":[{"embeddable":true,"href":"https:\/\/www.sfrua.pt\/index.php?rest_route=\/wp\/v2\/users\/1"}],"replies":[{"embeddable":true,"href":"https:\/\/www.sfrua.pt\/index.php?rest_route=%2Fwp%2Fv2%2Fcomments&post=8760"}],"version-history":[{"count":0,"href":"https:\/\/www.sfrua.pt\/index.php?rest_route=\/wp\/v2\/posts\/8760\/revisions"}],"wp:featuredmedia":[{"embeddable":true,"href":"https:\/\/www.sfrua.pt\/index.php?rest_route=\/"}],"wp:attachment":[{"href":"https:\/\/www.sfrua.pt\/index.php?rest_route=%2Fwp%2Fv2%2Fmedia&parent=8760"}],"wp:term":[{"taxonomy":"category","embeddable":true,"href":"https:\/\/www.sfrua.pt\/index.php?rest_route=%2Fwp%2Fv2%2Fcategories&post=8760"},{"taxonomy":"post_tag","embeddable":true,"href":"https:\/\/www.sfrua.pt\/index.php?rest_route=%2Fwp%2Fv2%2Ftags&post=8760"}],"curies":[{"name":"wp","href":"https:\/\/api.w.org\/{rel}","templated":true}]}}