{"id":8955,"date":"2021-01-31T16:45:52","date_gmt":"2021-01-31T15:45:52","guid":{"rendered":"http:\/\/sfrua.pt\/?p=8955"},"modified":"2024-07-08T13:45:44","modified_gmt":"2024-07-08T13:45:44","slug":"nota-de-condolencias-jose-camilo","status":"publish","type":"post","link":"https:\/\/www.sfrua.pt\/?p=8955","title":{"rendered":"Nota de Condol\u00eancias: Jos\u00e9 Camilo"},"content":{"rendered":"<p>\u00c9 com muita tristeza que soubemos da not\u00edcia do falecimento de Jos\u00e9 Camilo.<br \/>\nO Basquetebol Portugu\u00eas ficou mais triste com a perda de um Grande Homem que sempre deu tudo no desenvolvimento desta modalidade em Portugal.<br \/>\nJos\u00e9 Camilo foi Jogador, treinador e um Amigo que sempre ajudou o desenvolvimento do Basquetebol no distrito de Set\u00fabal, nas equipas do Montijo em diversos escal\u00f5es, bem como em Alhos Vedros nas equipas da S.F.R.U. ALHOSVEDRENSE iniciando um projeto como treinador da equipa s\u00e9nior feminina nos anos 80, que disputou o Campeonato Nacional da 2\u00aa Divis\u00e3o.<\/p>\n<p>Destacamos ainda a sua passagem pela forma\u00e7\u00e3o, e por todos os escal\u00f5es, terminado esta passagem de v\u00e1rios anos pela S.F.R.U.A. com a forma\u00e7\u00e3o da equipa de Seniores nos anos 90, onde terminamos o Campeonato da 2\u00aa Divis\u00e3o B zona Sul da \u00e9poca 93\/94 em 2\u00b0 Lugar, sem derrotas em casa.<\/p>\n<p>Ficam as Mem\u00f3rias os Momentos a Admira\u00e7\u00e3o e o Carinho por este Grande Amigo.<\/p>\n<p>&#8230; At\u00e9 sempre Camilo&#8230;<\/p>\n<p>&#8230; Descansa em Paz&#8230;<\/p>\n<p><a href=\"http:\/\/sfrua.pt\/wp-content\/uploads\/2021\/01\/sfrua-basket-fem-anos-80-1.jpg\"><img loading=\"lazy\" decoding=\"async\" class=\"alignnone size-full wp-image-8957\" src=\"http:\/\/sfrua.pt\/wp-content\/uploads\/2021\/01\/sfrua-basket-fem-anos-80-1.jpg\" alt=\"\" width=\"1280\" height=\"836\" \/><\/a><a href=\"http:\/\/sfrua.pt\/wp-content\/uploads\/2021\/01\/basquetebol-2.jpeg\"><img loading=\"lazy\" decoding=\"async\" class=\"alignnone size-full wp-image-8959\" src=\"http:\/\/sfrua.pt\/wp-content\/uploads\/2021\/01\/basquetebol-2.jpeg\" alt=\"\" width=\"1280\" height=\"757\" \/><\/a> <a href=\"http:\/\/sfrua.pt\/wp-content\/uploads\/2021\/01\/basquetebol-1.jpeg\"><img loading=\"lazy\" decoding=\"async\" class=\"alignnone size-full wp-image-8960\" src=\"http:\/\/sfrua.pt\/wp-content\/uploads\/2021\/01\/basquetebol-1.jpeg\" alt=\"\" width=\"1633\" height=\"1207\" \/><\/a><br \/>\nFotos: Anabela Campos-Neves e Rui Antunes &#8220;Joca&#8221;<\/p>\n","protected":false},"excerpt":{"rendered":"<p>\u00c9 com muita tristeza que soubemos da not\u00edcia do falecimento de Jos\u00e9 Camilo. O Basquetebol Portugu\u00eas ficou mais triste com a perda de um Grande Homem que sempre deu tudo no desenvolvimento desta modalidade em Portugal. Jos\u00e9 Camilo foi Jogador, treinador e um Amigo que sempre ajudou o desenvolvimento do Basquetebol no distrito de Set\u00fabal, [&hellip;]<\/p>\n","protected":false},"author":1,"featured_media":9252,"comment_status":"closed","ping_status":"closed","sticky":false,"template":"","format":"standard","meta":{"footnotes":""},"categories":[17,36],"tags":[80],"class_list":["post-8955","post","type-post","status-publish","format-standard","has-post-thumbnail","hentry","category-basquetebol","category-noticias","tag-basquetebol"],"views":737,"_links":{"self":[{"href":"https:\/\/www.sfrua.pt\/index.php?rest_route=\/wp\/v2\/posts\/8955","targetHints":{"allow":["GET"]}}],"collection":[{"href":"https:\/\/www.sfrua.pt\/index.php?rest_route=\/wp\/v2\/posts"}],"about":[{"href":"https:\/\/www.sfrua.pt\/index.php?rest_route=\/wp\/v2\/types\/post"}],"author":[{"embeddable":true,"href":"https:\/\/www.sfrua.pt\/index.php?rest_route=\/wp\/v2\/users\/1"}],"replies":[{"embeddable":true,"href":"https:\/\/www.sfrua.pt\/index.php?rest_route=%2Fwp%2Fv2%2Fcomments&post=8955"}],"version-history":[{"count":0,"href":"https:\/\/www.sfrua.pt\/index.php?rest_route=\/wp\/v2\/posts\/8955\/revisions"}],"wp:featuredmedia":[{"embeddable":true,"href":"https:\/\/www.sfrua.pt\/index.php?rest_route=\/wp\/v2\/media\/9252"}],"wp:attachment":[{"href":"https:\/\/www.sfrua.pt\/index.php?rest_route=%2Fwp%2Fv2%2Fmedia&parent=8955"}],"wp:term":[{"taxonomy":"category","embeddable":true,"href":"https:\/\/www.sfrua.pt\/index.php?rest_route=%2Fwp%2Fv2%2Fcategories&post=8955"},{"taxonomy":"post_tag","embeddable":true,"href":"https:\/\/www.sfrua.pt\/index.php?rest_route=%2Fwp%2Fv2%2Ftags&post=8955"}],"curies":[{"name":"wp","href":"https:\/\/api.w.org\/{rel}","templated":true}]}}