{"id":9127,"date":"2010-11-09T19:28:14","date_gmt":"2010-11-09T18:28:14","guid":{"rendered":"http:\/\/www.alhosvedros.net\/sfrua\/?p=59"},"modified":"2026-04-02T11:34:41","modified_gmt":"2026-04-02T11:34:41","slug":"sara-monteiro-vai-participar-no-campeonato-do-mundo-cmgi-em-metzfranca","status":"publish","type":"post","link":"https:\/\/www.sfrua.pt\/?p=9127","title":{"rendered":"Sara Monteiro vai participar no Campeonato do Mundo em Metz (Fran\u00e7a)"},"content":{"rendered":"<p><a href=\"http:\/\/www.alhosvedros.net\/sfrua\/wp-content\/uploads\/2010\/11\/copagaliza2010.jpg\"><img decoding=\"async\" class=\"alignnone wp-image-60\" title=\"copagaliza2010\" src=\"http:\/\/sfrua.pt\/wp-content\/uploads\/2010\/11\/copagaliza2010.jpg\" alt=\"\" \/><\/a><\/p>\n<p>A nossa ginasta Sara Monteiro parte esta 5\u00ba Feira (dia 11 de Novembro) para Metz para participar no Campeonato do Mundo de Grupos de Idades na modalidade de Duplo-Mini Trampolim no escal\u00e3o 13 \/14 anos.<\/p>\n<p>De todos n\u00f3s v\u00e3o os desejos de felicidades para a Sara e para toda a delega\u00e7\u00e3o portuguesa em prova.<\/p>\n<p>A prova pode ser acompanhada on-line atrav\u00e9s do site da federa\u00e7\u00e3o francesa de gin\u00e1stica e <a href=\"http:\/\/www.metz2010.sporcentric.com\" target=\"_blank\" rel=\"noopener\">www.metz2010.sporcentric.com<\/a><\/p>\n<p>A Sec\u00e7\u00e3o de Gin\u00e1stica: Ana Lu\u00edsa<\/p>\n","protected":false},"excerpt":{"rendered":"<p>A nossa ginasta Sara Monteiro parte esta 5\u00ba Feira (dia 11 de Novembro) para Metz para participar no Campeonato do Mundo de Grupos de Idades na modalidade de Duplo-Mini Trampolim no escal\u00e3o 13 \/14 anos. De todos n\u00f3s v\u00e3o os desejos de felicidades para a Sara e para toda a delega\u00e7\u00e3o portuguesa em prova. A [&hellip;]<\/p>\n","protected":false},"author":1,"featured_media":10893,"comment_status":"closed","ping_status":"closed","sticky":false,"template":"","format":"standard","meta":{"footnotes":""},"categories":[26,38],"tags":[150,175,181],"class_list":["post-9127","post","type-post","status-publish","format-standard","has-post-thumbnail","hentry","category-ginastica","category-trampolins","tag-eventos-internacionais","tag-ginastica","tag-ginastica-2010-11"],"views":414,"_links":{"self":[{"href":"https:\/\/www.sfrua.pt\/index.php?rest_route=\/wp\/v2\/posts\/9127","targetHints":{"allow":["GET"]}}],"collection":[{"href":"https:\/\/www.sfrua.pt\/index.php?rest_route=\/wp\/v2\/posts"}],"about":[{"href":"https:\/\/www.sfrua.pt\/index.php?rest_route=\/wp\/v2\/types\/post"}],"author":[{"embeddable":true,"href":"https:\/\/www.sfrua.pt\/index.php?rest_route=\/wp\/v2\/users\/1"}],"replies":[{"embeddable":true,"href":"https:\/\/www.sfrua.pt\/index.php?rest_route=%2Fwp%2Fv2%2Fcomments&post=9127"}],"version-history":[{"count":1,"href":"https:\/\/www.sfrua.pt\/index.php?rest_route=\/wp\/v2\/posts\/9127\/revisions"}],"predecessor-version":[{"id":10894,"href":"https:\/\/www.sfrua.pt\/index.php?rest_route=\/wp\/v2\/posts\/9127\/revisions\/10894"}],"wp:featuredmedia":[{"embeddable":true,"href":"https:\/\/www.sfrua.pt\/index.php?rest_route=\/wp\/v2\/media\/10893"}],"wp:attachment":[{"href":"https:\/\/www.sfrua.pt\/index.php?rest_route=%2Fwp%2Fv2%2Fmedia&parent=9127"}],"wp:term":[{"taxonomy":"category","embeddable":true,"href":"https:\/\/www.sfrua.pt\/index.php?rest_route=%2Fwp%2Fv2%2Fcategories&post=9127"},{"taxonomy":"post_tag","embeddable":true,"href":"https:\/\/www.sfrua.pt\/index.php?rest_route=%2Fwp%2Fv2%2Ftags&post=9127"}],"curies":[{"name":"wp","href":"https:\/\/api.w.org\/{rel}","templated":true}]}}