{"id":9686,"date":"2025-02-15T23:59:21","date_gmt":"2025-02-15T23:59:21","guid":{"rendered":"https:\/\/www.sfrua.pt\/?p=9686"},"modified":"2025-02-16T19:05:02","modified_gmt":"2025-02-16T19:05:02","slug":"eleicao-rainha-do-carnaval-2025","status":"publish","type":"post","link":"https:\/\/www.sfrua.pt\/?p=9686","title":{"rendered":"Fotos: Elei\u00e7\u00e3o Rainha do Carnaval 2025"},"content":{"rendered":"<p>Realizou-se hoje no Pavilh\u00e3o da SFRUA &#8220;A Velhinha&#8221; a elei\u00e7\u00e3o da Rainha do Carnaval de Alhos Vedros 2025.<br \/>\nAssim:<br \/>\nRainha: <strong>Raina Azevedo<br \/>\n<\/strong>1\u00aa Dama: <strong>Erica silva<\/strong><br \/>\n2\u00aa Dama: <strong>Beatriz Baleiz\u00e3o<br \/>\n<\/strong>A Madrinha da Bateria \u00e9: <strong>Nana Banza<\/strong><\/p>\n<div id='gallery-1' class='gallery galleryid-9686 gallery-columns-3 gallery-size-herald-lay-c1'><figure class='gallery-item'>\n\t\t\t<div class='gallery-icon landscape'>\n\t\t\t\t<a class=\"herald-popup\" href='https:\/\/www.sfrua.pt\/wp-content\/uploads\/2025\/02\/rainha25.jpg'><img loading=\"lazy\" decoding=\"async\" width=\"470\" height=\"313\" src=\"https:\/\/www.sfrua.pt\/wp-content\/uploads\/2025\/02\/rainha25.jpg\" class=\"attachment-herald-lay-c1 size-herald-lay-c1\" alt=\"\" \/><\/a>\n\t\t\t<\/div><\/figure><figure class='gallery-item'>\n\t\t\t<div class='gallery-icon landscape'>\n\t\t\t\t<a class=\"herald-popup\" href='https:\/\/www.sfrua.pt\/wp-content\/uploads\/2025\/02\/1dama25.jpg'><img loading=\"lazy\" decoding=\"async\" width=\"470\" height=\"313\" src=\"https:\/\/www.sfrua.pt\/wp-content\/uploads\/2025\/02\/1dama25.jpg\" class=\"attachment-herald-lay-c1 size-herald-lay-c1\" alt=\"\" \/><\/a>\n\t\t\t<\/div><\/figure><figure class='gallery-item'>\n\t\t\t<div class='gallery-icon landscape'>\n\t\t\t\t<a class=\"herald-popup\" href='https:\/\/www.sfrua.pt\/wp-content\/uploads\/2025\/02\/2dama25.jpg'><img loading=\"lazy\" decoding=\"async\" width=\"470\" height=\"313\" src=\"https:\/\/www.sfrua.pt\/wp-content\/uploads\/2025\/02\/2dama25.jpg\" class=\"attachment-herald-lay-c1 size-herald-lay-c1\" alt=\"\" \/><\/a>\n\t\t\t<\/div><\/figure><figure class='gallery-item'>\n\t\t\t<div class='gallery-icon landscape'>\n\t\t\t\t<a class=\"herald-popup\" href='https:\/\/www.sfrua.pt\/wp-content\/uploads\/2025\/02\/3eleitas.jpg'><img loading=\"lazy\" decoding=\"async\" width=\"470\" height=\"313\" src=\"https:\/\/www.sfrua.pt\/wp-content\/uploads\/2025\/02\/3eleitas.jpg\" class=\"attachment-herald-lay-c1 size-herald-lay-c1\" alt=\"\" \/><\/a>\n\t\t\t<\/div><\/figure><figure class='gallery-item'>\n\t\t\t<div class='gallery-icon landscape'>\n\t\t\t\t<a class=\"herald-popup\" href='https:\/\/www.sfrua.pt\/wp-content\/uploads\/2025\/02\/2025_02_15_eleicao_rainha_2025_152.jpg'><img loading=\"lazy\" decoding=\"async\" width=\"470\" height=\"313\" src=\"https:\/\/www.sfrua.pt\/wp-content\/uploads\/2025\/02\/2025_02_15_eleicao_rainha_2025_152.jpg\" class=\"attachment-herald-lay-c1 size-herald-lay-c1\" alt=\"\" \/><\/a>\n\t\t\t<\/div><\/figure>\n\t\t<\/div>\n\n<p><strong><br \/>\n<a href=\"https:\/\/photos.app.goo.gl\/jUVtDj7YK22xiDKH7\" target=\"_blank\" rel=\"noopener\">CLICAR PARA VER MAIS FOTOS DO EVENTO<\/a><\/strong><\/p>\n<p>&nbsp;<\/p>\n","protected":false},"excerpt":{"rendered":"<p>Realizou-se hoje no Pavilh\u00e3o da SFRUA &#8220;A Velhinha&#8221; a elei\u00e7\u00e3o da Rainha do Carnaval de Alhos Vedros 2025. Assim: Rainha: Raina Azevedo 1\u00aa Dama: Erica silva 2\u00aa Dama: Beatriz Baleiz\u00e3o A Madrinha da Bateria \u00e9: Nana Banza CLICAR PARA VER MAIS FOTOS DO EVENTO &nbsp;<\/p>\n","protected":false},"author":1,"featured_media":9692,"comment_status":"closed","ping_status":"open","sticky":false,"template":"","format":"standard","meta":{"footnotes":""},"categories":[19,24],"tags":[310],"class_list":["post-9686","post","type-post","status-publish","format-standard","has-post-thumbnail","hentry","category-carnaval","category-fotos","tag-carnaval-2025"],"views":1201,"_links":{"self":[{"href":"https:\/\/www.sfrua.pt\/index.php?rest_route=\/wp\/v2\/posts\/9686","targetHints":{"allow":["GET"]}}],"collection":[{"href":"https:\/\/www.sfrua.pt\/index.php?rest_route=\/wp\/v2\/posts"}],"about":[{"href":"https:\/\/www.sfrua.pt\/index.php?rest_route=\/wp\/v2\/types\/post"}],"author":[{"embeddable":true,"href":"https:\/\/www.sfrua.pt\/index.php?rest_route=\/wp\/v2\/users\/1"}],"replies":[{"embeddable":true,"href":"https:\/\/www.sfrua.pt\/index.php?rest_route=%2Fwp%2Fv2%2Fcomments&post=9686"}],"version-history":[{"count":0,"href":"https:\/\/www.sfrua.pt\/index.php?rest_route=\/wp\/v2\/posts\/9686\/revisions"}],"wp:featuredmedia":[{"embeddable":true,"href":"https:\/\/www.sfrua.pt\/index.php?rest_route=\/wp\/v2\/media\/9692"}],"wp:attachment":[{"href":"https:\/\/www.sfrua.pt\/index.php?rest_route=%2Fwp%2Fv2%2Fmedia&parent=9686"}],"wp:term":[{"taxonomy":"category","embeddable":true,"href":"https:\/\/www.sfrua.pt\/index.php?rest_route=%2Fwp%2Fv2%2Fcategories&post=9686"},{"taxonomy":"post_tag","embeddable":true,"href":"https:\/\/www.sfrua.pt\/index.php?rest_route=%2Fwp%2Fv2%2Ftags&post=9686"}],"curies":[{"name":"wp","href":"https:\/\/api.w.org\/{rel}","templated":true}]}}